{"id":512212,"date":"2025-11-04T23:18:16","date_gmt":"2025-11-04T23:18:16","guid":{"rendered":"https:\/\/www.europesays.com\/fr\/512212\/"},"modified":"2025-11-04T23:18:16","modified_gmt":"2025-11-04T23:18:16","slug":"cap-sur-la-1ere-edition-du-rallye-des-pepites-agrilandaises","status":"publish","type":"post","link":"https:\/\/www.europesays.com\/fr\/512212\/","title":{"rendered":"Cap sur la 1\u00e8re \u00e9dition du Rallye des P\u00e9pites agrilandaises"},"content":{"rendered":"<p>Tout commence en mars 2014, dans l\u2019effervescence bordelaise, avec une id\u00e9e simple et lumineuse : donner \u00e0 voir l\u2019envers du d\u00e9cor \u00e9conomique tout en valorisant celles et ceux qui osent entreprendre. \u00c0 l\u2019origine, le Rallye des P\u00e9pites n\u2019est pas une start-up mais une aventure humaine, associative et r\u00e9solument f\u00e9minine. Port\u00e9 par un comit\u00e9 de femmes, l\u2019\u00e9v\u00e9nement entend conjuguer d\u00e9couverte, audace et solidarit\u00e9, autour d\u2019un format in\u00e9dit : un jeu de piste entrepreneurial, \u00e0 la fois ludique, sportif et citoyen.<\/p>\n<p>Quelques mois plus tard, en janvier 2015, la premi\u00e8re \u00e9dition bordelaise fait chauffer les moteurs. Sur la ligne de d\u00e9part : des \u00e9quipes de quatre personnes sillonnant le territoire \u00e0 la rencontre d\u2019entreprises locales. Objectif : d\u00e9couvrir les m\u00e9tiers, casser les clich\u00e9s et donner envie de cr\u00e9er. Le succ\u00e8s est imm\u00e9diat, et d\u00e8s 2016, la formule est renouvel\u00e9e. On y parle d\u2019entrepreneuriat au f\u00e9minin, de mixit\u00e9 professionnelle, mais aussi de partage et de transmission. Une belle d\u00e9monstration que la r\u00e9ussite, ici, n\u2019a pas de genre mais beaucoup d\u2019\u00e9nergie.<\/p>\n<p>L\u2019audace comme carburant<\/p>\n<p>Derri\u00e8re cette aventure se cachent Ethel Le Bobinnec et Clara Maumont, amies et complices de la premi\u00e8re heure. En 2017, elles transforment l\u2019essai en lan\u00e7ant leur entreprise : VOUS COM\u2019L, pour donner au Rallye une structure p\u00e9renne et amplifier son impact social. En cr\u00e9ant leur propre soci\u00e9t\u00e9, elles s\u2019appliquent \u00e0 elles-m\u00eames la devise de leur \u00e9v\u00e9nement : oser entreprendre pour inspirer les autres. Depuis, les Rallyes se multiplient \u00e0 Limoges, Pau, Toulouse, et d\u00e9sormais jusque dans les Landes.<\/p>\n<p>Au fil des \u00e9ditions, le concept s\u2019affine sans jamais perdre son \u00e2me. Le Rallye des P\u00e9pites, c\u2019est une course o\u00f9 l\u2019on ne vise pas la ligne d\u2019arriv\u00e9e, mais la rencontre. Chaque \u00e9tape met \u00e0 l\u2019honneur des entreprises locales, souvent fond\u00e9es ou dirig\u00e9es par des femmes, mais aussi engag\u00e9es dans la mixit\u00e9 et la diversit\u00e9 professionnelle. Dans ces haltes, on d\u00e9couvre des m\u00e9tiers insoup\u00e7onn\u00e9s, des parcours atypiques et des visages passionn\u00e9s. Ici, le seul podium qui compte, c\u2019est celui de la transmission.<\/p>\n","protected":false},"excerpt":{"rendered":"Tout commence en mars 2014, dans l\u2019effervescence bordelaise, avec une id\u00e9e simple et lumineuse : donner \u00e0 voir&hellip;\n","protected":false},"author":2,"featured_media":512213,"comment_status":"","ping_status":"","sticky":false,"template":"","format":"standard","meta":{"footnotes":""},"categories":[2817],"tags":[1111,11,327,1997,257,1777,674,1011,27,8530,12,2219,25],"class_list":{"0":"post-512212","1":"post","2":"type-post","3":"status-publish","4":"format-standard","5":"has-post-thumbnail","7":"category-bordeaux","8":"tag-actu","9":"tag-actualites","10":"tag-agriculture","11":"tag-bordeaux","12":"tag-entreprise","13":"tag-eu","14":"tag-europe","15":"tag-fr","16":"tag-france","17":"tag-landes","18":"tag-news","19":"tag-nouvelle-aquitaine","20":"tag-republique-francaise"},"share_on_mastodon":{"url":"https:\/\/pubeurope.com\/@fr\/115493988153900111","error":""},"_links":{"self":[{"href":"https:\/\/www.europesays.com\/fr\/wp-json\/wp\/v2\/posts\/512212","targetHints":{"allow":["GET"]}}],"collection":[{"href":"https:\/\/www.europesays.com\/fr\/wp-json\/wp\/v2\/posts"}],"about":[{"href":"https:\/\/www.europesays.com\/fr\/wp-json\/wp\/v2\/types\/post"}],"author":[{"embeddable":true,"href":"https:\/\/www.europesays.com\/fr\/wp-json\/wp\/v2\/users\/2"}],"replies":[{"embeddable":true,"href":"https:\/\/www.europesays.com\/fr\/wp-json\/wp\/v2\/comments?post=512212"}],"version-history":[{"count":0,"href":"https:\/\/www.europesays.com\/fr\/wp-json\/wp\/v2\/posts\/512212\/revisions"}],"wp:featuredmedia":[{"embeddable":true,"href":"https:\/\/www.europesays.com\/fr\/wp-json\/wp\/v2\/media\/512213"}],"wp:attachment":[{"href":"https:\/\/www.europesays.com\/fr\/wp-json\/wp\/v2\/media?parent=512212"}],"wp:term":[{"taxonomy":"category","embeddable":true,"href":"https:\/\/www.europesays.com\/fr\/wp-json\/wp\/v2\/categories?post=512212"},{"taxonomy":"post_tag","embeddable":true,"href":"https:\/\/www.europesays.com\/fr\/wp-json\/wp\/v2\/tags?post=512212"}],"curies":[{"name":"wp","href":"https:\/\/api.w.org\/{rel}","templated":true}]}}