{"id":512214,"date":"2025-11-04T23:19:16","date_gmt":"2025-11-04T23:19:16","guid":{"rendered":"https:\/\/www.europesays.com\/fr\/512214\/"},"modified":"2025-11-04T23:19:16","modified_gmt":"2025-11-04T23:19:16","slug":"a-bordeaux-les-ecologistes-attaques-sur-lopacite-du-budget-2026","status":"publish","type":"post","link":"https:\/\/www.europesays.com\/fr\/512214\/","title":{"rendered":"\u00c0 Bordeaux, les \u00e9cologistes attaqu\u00e9s sur l\u2019opacit\u00e9 du budget 2026"},"content":{"rendered":"<p>\u00c0 moins de cinq mois des \u00e9lections municipales, la pique n\u2019est pas anodine. Par trois fois au moins, la question du manque d\u2019informations transmises par la majorit\u00e9 \u00e9cologiste de Bordeaux aux \u00e9lus d\u2019opposition a \u00e9t\u00e9 soulev\u00e9e lors du conseil municipal qui examinait, ce 4 novembre 2025, le rapport d\u2019orientation budg\u00e9taire pour 2026.<\/p>\n<p>Saisie de la Commission d\u2019acc\u00e8s aux documents administratifs, pour obtenir les \u00e9l\u00e9ments que la majorit\u00e9 municipale refuserait de communiquer, absence de projet pluriannuel d\u2019investissement d\u00e9taill\u00e9, pr\u00e9sentation all\u00e9g\u00e9e du rapport d\u2019orientation budg\u00e9taire compar\u00e9e aux versions communiqu\u00e9es en 2023 et avant\u2026 Les critiques brandies par l\u2019opposition sont nombreuses.<\/p>\n<p>Une passe d\u2019armes somme toute classique de la d\u00e9mocratie locale. Mais le principal groupe d\u2019opposition Bordeaux Ensemble (droite et centre) entend aller plus loin. D\u00e9non\u00e7ant une atteinte au droit \u00e9l\u00e9mentaire d\u2019information de l\u2019opposition, il a d\u00e9pos\u00e9 en f\u00e9vrier dernier un recours devant le tribunal administratif de Bordeaux demandant d\u2019annuler les d\u00e9lib\u00e9rations sur le d\u00e9bat d\u2019orientation budg\u00e9taire de d\u00e9cembre 2024 ainsi que sur le vote du budget du 4 f\u00e9vrier 2025.<\/p>\n","protected":false},"excerpt":{"rendered":"\u00c0 moins de cinq mois des \u00e9lections municipales, la pique n\u2019est pas anodine. Par trois fois au moins,&hellip;\n","protected":false},"author":2,"featured_media":512215,"comment_status":"","ping_status":"","sticky":false,"template":"","format":"standard","meta":{"footnotes":""},"categories":[2817],"tags":[17,5734,13041,1111,11,9821,1997,1003,2339,1777,674,1011,27,63289,12,2219,1306,25],"class_list":{"0":"post-512214","1":"post","2":"type-post","3":"status-publish","4":"format-standard","5":"has-post-thumbnail","7":"category-bordeaux","8":"tag-17","9":"tag-5734","10":"tag-a","11":"tag-actu","12":"tag-actualites","13":"tag-attaques","14":"tag-bordeaux","15":"tag-budget","16":"tag-ecologistes","17":"tag-eu","18":"tag-europe","19":"tag-fr","20":"tag-france","21":"tag-lopacite","22":"tag-news","23":"tag-nouvelle-aquitaine","24":"tag-regions","25":"tag-republique-francaise"},"share_on_mastodon":{"url":"https:\/\/pubeurope.com\/@fr\/115493992177226683","error":""},"_links":{"self":[{"href":"https:\/\/www.europesays.com\/fr\/wp-json\/wp\/v2\/posts\/512214","targetHints":{"allow":["GET"]}}],"collection":[{"href":"https:\/\/www.europesays.com\/fr\/wp-json\/wp\/v2\/posts"}],"about":[{"href":"https:\/\/www.europesays.com\/fr\/wp-json\/wp\/v2\/types\/post"}],"author":[{"embeddable":true,"href":"https:\/\/www.europesays.com\/fr\/wp-json\/wp\/v2\/users\/2"}],"replies":[{"embeddable":true,"href":"https:\/\/www.europesays.com\/fr\/wp-json\/wp\/v2\/comments?post=512214"}],"version-history":[{"count":0,"href":"https:\/\/www.europesays.com\/fr\/wp-json\/wp\/v2\/posts\/512214\/revisions"}],"wp:featuredmedia":[{"embeddable":true,"href":"https:\/\/www.europesays.com\/fr\/wp-json\/wp\/v2\/media\/512215"}],"wp:attachment":[{"href":"https:\/\/www.europesays.com\/fr\/wp-json\/wp\/v2\/media?parent=512214"}],"wp:term":[{"taxonomy":"category","embeddable":true,"href":"https:\/\/www.europesays.com\/fr\/wp-json\/wp\/v2\/categories?post=512214"},{"taxonomy":"post_tag","embeddable":true,"href":"https:\/\/www.europesays.com\/fr\/wp-json\/wp\/v2\/tags?post=512214"}],"curies":[{"name":"wp","href":"https:\/\/api.w.org\/{rel}","templated":true}]}}