{"id":512216,"date":"2025-11-04T23:20:11","date_gmt":"2025-11-04T23:20:11","guid":{"rendered":"https:\/\/www.europesays.com\/fr\/512216\/"},"modified":"2025-11-04T23:20:11","modified_gmt":"2025-11-04T23:20:11","slug":"futurapolis-planete-continue-de-faire-entendre-la-parole-des-scientifiques","status":"publish","type":"post","link":"https:\/\/www.europesays.com\/fr\/512216\/","title":{"rendered":"Futurapolis Plan\u00e8te continue de faire entendre la parole des scientifiques"},"content":{"rendered":"<p>Du 12 au 15\u00a0novembre 2025 prochains, le magazine Le Point organise Futurapolis Plan\u00e8te \u00e0 Sciences Po Toulouse et \u00e0 la Toulouse School of Economics (TSE). C\u2019est la quatorzi\u00e8me \u00e9dition de cet \u00e9v\u00e9nement consacr\u00e9 \u00e0 l\u2019innovation, \u00e0 la technologie et \u00e0 la transition \u00e9cologique. Cette ann\u00e9e, les d\u00e9bats tourneront autour de la th\u00e9matique\u00a0: \u00ab\u00a0Quand la science parle\u00a0\u00bb. \u00c0 l\u2019heure de la mont\u00e9e des populismes, la parole des experts semble \u00eatre constamment m\u00e9pris\u00e9e. \u00c9conomistes, climatologues, sociologues, physiciens sont parfois balay\u00e9s rapidement et de fa\u00e7on violente. Comment redonner toute sa place aux scientifiques mais aussi aux citoyens\u00a0?<\/p>\n<p>Parmi les invit\u00e9s, le biophysicien et \u00e9crivain fran\u00e7ais Bill Fran\u00e7ois, la nouvelle directrice de TSE, dipl\u00f4m\u00e9e en \u00e9conomie de l\u2019universit\u00e9 de Toronto et docteure de l\u2019Universit\u00e9 Catholique de Louvain,  Victoria Barham, le biologiste, ancien pr\u00e9sident du Mus\u00e9um national d\u2019histoire naturelle, Gilles Boeuf, mais aussi H\u00e9l\u00e8ne Arambourou, adjointe au directeur au Haut-commissariat \u00e0 la strat\u00e9gie et au plan, co-autrice du rapport L\u2019eau en 2050\u00a0: graves tensions sur les \u00e9cosyst\u00e8mes et les usages, ou encore Maud Le Rest, journaliste, autrice de Tu devrais voir quelqu\u2019un\u00a0: une enqu\u00eate sur le rapport des hommes \u00e0 la sant\u00e9 mentale.<\/p>\n<p>Inscriptions et plus d\u2019informations <a href=\"https:\/\/evenements.lepoint.fr\/futurapolis-planete\/programme\/\" class=\"spip_out\" rel=\"external noopener\" target=\"_blank\">en ligne<\/a>.<\/p>\n<p>Futurapolis Plan\u00e8te. Du mercredi 12 au samedi 15\u00a0novembre, \u00e0 l\u2019Universit\u00e9 Toulouse Capitole, \u00e0 Sciences Po Toulouse \u00e0 la Manufacture des tabacs, et \u00e0 la Toulouse School of Economics (TSE).<\/p>\n","protected":false},"excerpt":{"rendered":"Du 12 au 15\u00a0novembre 2025 prochains, le magazine Le Point organise Futurapolis Plan\u00e8te \u00e0 Sciences Po Toulouse et&hellip;\n","protected":false},"author":2,"featured_media":373637,"comment_status":"","ping_status":"","sticky":false,"template":"","format":"standard","meta":{"footnotes":""},"categories":[2816],"tags":[1111,11,1777,674,1011,27,63291,63290,500,12,2680,25,2312,60851],"class_list":{"0":"post-512216","1":"post","2":"type-post","3":"status-publish","4":"format-standard","5":"has-post-thumbnail","7":"category-toulouse","8":"tag-actu","9":"tag-actualites","10":"tag-eu","11":"tag-europe","12":"tag-fr","13":"tag-france","14":"tag-futurapolis","15":"tag-iep-de-toulouse-sciences-po","16":"tag-medias","17":"tag-news","18":"tag-occitanie","19":"tag-republique-francaise","20":"tag-toulouse","21":"tag-toulouse-school-of-economics"},"share_on_mastodon":{"url":"https:\/\/pubeurope.com\/@fr\/115493996108860065","error":""},"_links":{"self":[{"href":"https:\/\/www.europesays.com\/fr\/wp-json\/wp\/v2\/posts\/512216","targetHints":{"allow":["GET"]}}],"collection":[{"href":"https:\/\/www.europesays.com\/fr\/wp-json\/wp\/v2\/posts"}],"about":[{"href":"https:\/\/www.europesays.com\/fr\/wp-json\/wp\/v2\/types\/post"}],"author":[{"embeddable":true,"href":"https:\/\/www.europesays.com\/fr\/wp-json\/wp\/v2\/users\/2"}],"replies":[{"embeddable":true,"href":"https:\/\/www.europesays.com\/fr\/wp-json\/wp\/v2\/comments?post=512216"}],"version-history":[{"count":0,"href":"https:\/\/www.europesays.com\/fr\/wp-json\/wp\/v2\/posts\/512216\/revisions"}],"wp:featuredmedia":[{"embeddable":true,"href":"https:\/\/www.europesays.com\/fr\/wp-json\/wp\/v2\/media\/373637"}],"wp:attachment":[{"href":"https:\/\/www.europesays.com\/fr\/wp-json\/wp\/v2\/media?parent=512216"}],"wp:term":[{"taxonomy":"category","embeddable":true,"href":"https:\/\/www.europesays.com\/fr\/wp-json\/wp\/v2\/categories?post=512216"},{"taxonomy":"post_tag","embeddable":true,"href":"https:\/\/www.europesays.com\/fr\/wp-json\/wp\/v2\/tags?post=512216"}],"curies":[{"name":"wp","href":"https:\/\/api.w.org\/{rel}","templated":true}]}}