{"id":512221,"date":"2025-11-04T23:23:12","date_gmt":"2025-11-04T23:23:12","guid":{"rendered":"https:\/\/www.europesays.com\/fr\/512221\/"},"modified":"2025-11-04T23:23:12","modified_gmt":"2025-11-04T23:23:12","slug":"la-marque-shein-exclue-dun-salon-bebe-a-lille-ce-week-end","status":"publish","type":"post","link":"https:\/\/www.europesays.com\/fr\/512221\/","title":{"rendered":"La marque Shein exclue d&rsquo;un salon b\u00e9b\u00e9 \u00e0 Lille ce week-end"},"content":{"rendered":"<p>\n    La soci\u00e9t\u00e9 Enjoy Family a d\u00e9cid\u00e9 d\u2019annuler la participation de l\u2019enseigne Shein au salon Baby apr\u00e8s l\u2019information de la vente de \u00abproduits ill\u00e9gaux\u00bb par ce g\u00e9ant chinois de l\u2019e-commerce.<\/p>\n<p class=\"fig-paragraph\">La participation de la marque\u00a0<a href=\"http:\/\/www.lefigaro.fr\/conjoncture\/shein-symbole-de-l-impuissance-publique-face-a-la-deferlante-des-produits-made-in-china-en-europe-20251104\" target=\"_blank\" data-fig-type=\"Article\" rel=\"noopener\" data-gtm-custom-categorie=\"navigation\" data-gtm-custom-action=\"crossclick\" data-gtm-custom-label=\"Contextuel\" data-gtm-event=\"customEventSPE\" data-fig-domain=\"LEFIGARO\">Shein<\/a>\u00a0\u00e0 un salon de produits pour b\u00e9b\u00e9s pr\u00e9vu \u00e0 Lille ce week-end a \u00e9t\u00e9 annul\u00e9e par l&rsquo;organisateur de l&rsquo;\u00e9v\u00e9nement, a d\u00e9clar\u00e9 \u00e0 l&rsquo;AFP une porte-parole de Lille Grand Palais, o\u00f9 se tient ce salon.<\/p>\n<p class=\"fig-paragraph\">La soci\u00e9t\u00e9 Enjoy Family a d\u00e9cid\u00e9 d&rsquo;annuler la participation de l&rsquo;enseigne Shein au salon Baby apr\u00e8s l&rsquo;information de la vente de \u00abproduits ill\u00e9gaux\u00bb par ce g\u00e9ant chinois de l&rsquo;e-commerce, selon cette porte-parole. Une allusion aux \u00abpoup\u00e9es sexuelles\u00bb d&rsquo;apparence enfantine qui \u00e9taient vendues sur sa plateforme notamment, une affaire pour laquelle Shein est d\u00e9sormais vis\u00e9e par la justice fran\u00e7aise. Enjoy Family n&rsquo;a pas r\u00e9pondu dans l&rsquo;imm\u00e9diat aux sollicitations de l&rsquo;AFP.<\/p>\n<p class=\"fig-body-link\">\n            \u00c0 lire aussi<br \/>\n        <a class=\"fig-body-link__link fig-premium-mark\" href=\"http:\/\/www.lefigaro.fr\/societes\/pourquoi-interdire-le-bouc-emissaire-chinois-shein-ne-sauvera-pas-les-enseignes-francaises-de-pret-a-porter-en-perdition-20251104\" target=\"_blank\" data-fig-type=\"Article\" rel=\"noopener\" data-gtm-custom-categorie=\"navigation\" data-gtm-custom-action=\"crossclick\" data-gtm-custom-label=\"Contextuel\" data-gtm-event=\"customEventSPE\" data-fig-domain=\"LEFIGARO\"><\/p>\n<p>        Pourquoi interdire le bouc \u00e9missaire chinois Shein ne sauvera pas les enseignes fran\u00e7aises de pr\u00eat-\u00e0-porter en perdition<br \/>\n    <\/a>\n<\/p>\n<p>                                    <a class=\"fig-a11y-skip a11y-hidden\" href=\"#fig-a11y-skip-main-inarticle\"><br \/>\n        Passer la publicit\u00e9<br \/>\n    <\/a><\/p>\n<p>Au BHV malgr\u00e9 le scandale<\/p>\n<p class=\"fig-paragraph\">G\u00e9ant de la mode ultra-\u00e9ph\u00e9m\u00e8re r\u00e9guli\u00e8rement accus\u00e9 de concurrence d\u00e9loyale, de pollution environnementale et de conditions de travail indignes, Shein a assur\u00e9 avoir mis en place une interdiction totale des produits de type \u00abpoup\u00e9es sexuelles\u00bb, temporairement d\u00e9r\u00e9f\u00e9renc\u00e9 la cat\u00e9gorie \u00abproduits pour adultes\u00bb, et \u00ab\u00e9galement \u00e9tendu sa liste noire de mots-cl\u00e9s\u00bb.<\/p>\n<p class=\"fig-paragraph\">Malgr\u00e9 ce scandale, qui \u00e9clabousse aussi la plateforme AliExpress, Shein doit ouvrir comme pr\u00e9vu mercredi\u00a0<a href=\"http:\/\/www.lefigaro.fr\/societes\/j-ai-decide-de-ne-pas-revenir-sur-ma-decision-malgre-les-polemiques-sur-shein-le-patron-du-bhv-persiste-et-signe-20251103\" target=\"_blank\" data-fig-type=\"NewsFlash\" rel=\"noopener\" data-gtm-custom-categorie=\"navigation\" data-gtm-custom-action=\"crossclick\" data-gtm-custom-label=\"Contextuel\" data-gtm-event=\"customEventSPE\" data-fig-domain=\"LEFIGARO\">sa premi\u00e8re boutique physique p\u00e9renne au BHV<\/a>, a confirm\u00e9 mardi le patron du grand magasin parisien Fr\u00e9d\u00e9ric Merlin.<\/p>\n","protected":false},"excerpt":{"rendered":"La soci\u00e9t\u00e9 Enjoy Family a d\u00e9cid\u00e9 d\u2019annuler la participation de l\u2019enseigne Shein au salon Baby apr\u00e8s l\u2019information de&hellip;\n","protected":false},"author":2,"featured_media":512222,"comment_status":"","ping_status":"","sticky":false,"template":"","format":"standard","meta":{"footnotes":""},"categories":[2815],"tags":[1111,11,1777,674,1011,27,811,1307,12,25,1104],"class_list":{"0":"post-512221","1":"post","2":"type-post","3":"status-publish","4":"format-standard","5":"has-post-thumbnail","7":"category-lille","8":"tag-actu","9":"tag-actualites","10":"tag-eu","11":"tag-europe","12":"tag-fr","13":"tag-france","14":"tag-hauts-de-france","15":"tag-lille","16":"tag-news","17":"tag-republique-francaise","18":"tag-shein"},"share_on_mastodon":{"url":"https:\/\/pubeurope.com\/@fr\/115494007959947214","error":""},"_links":{"self":[{"href":"https:\/\/www.europesays.com\/fr\/wp-json\/wp\/v2\/posts\/512221","targetHints":{"allow":["GET"]}}],"collection":[{"href":"https:\/\/www.europesays.com\/fr\/wp-json\/wp\/v2\/posts"}],"about":[{"href":"https:\/\/www.europesays.com\/fr\/wp-json\/wp\/v2\/types\/post"}],"author":[{"embeddable":true,"href":"https:\/\/www.europesays.com\/fr\/wp-json\/wp\/v2\/users\/2"}],"replies":[{"embeddable":true,"href":"https:\/\/www.europesays.com\/fr\/wp-json\/wp\/v2\/comments?post=512221"}],"version-history":[{"count":0,"href":"https:\/\/www.europesays.com\/fr\/wp-json\/wp\/v2\/posts\/512221\/revisions"}],"wp:featuredmedia":[{"embeddable":true,"href":"https:\/\/www.europesays.com\/fr\/wp-json\/wp\/v2\/media\/512222"}],"wp:attachment":[{"href":"https:\/\/www.europesays.com\/fr\/wp-json\/wp\/v2\/media?parent=512221"}],"wp:term":[{"taxonomy":"category","embeddable":true,"href":"https:\/\/www.europesays.com\/fr\/wp-json\/wp\/v2\/categories?post=512221"},{"taxonomy":"post_tag","embeddable":true,"href":"https:\/\/www.europesays.com\/fr\/wp-json\/wp\/v2\/tags?post=512221"}],"curies":[{"name":"wp","href":"https:\/\/api.w.org\/{rel}","templated":true}]}}