{"id":512223,"date":"2025-11-04T23:24:18","date_gmt":"2025-11-04T23:24:18","guid":{"rendered":"https:\/\/www.europesays.com\/fr\/512223\/"},"modified":"2025-11-04T23:24:18","modified_gmt":"2025-11-04T23:24:18","slug":"placement-requis-par-le-parquet-pour-quatre-dentre-eux","status":"publish","type":"post","link":"https:\/\/www.europesays.com\/fr\/512223\/","title":{"rendered":"placement requis par le parquet pour quatre d&rsquo;entre eux"},"content":{"rendered":"<p>Des violences dans une famille de <a href=\"https:\/\/www.laprovence.com\/article\/societe\/5374215033674914\/un-nouveau-camp-de-roms-evacues-dans-le-12e-arrondissement-de-marseille\" target=\"_blank\" rel=\"noopener\">Roms<\/a> vivant dans des conditions particuli\u00e8rement pr\u00e9caires, neuf enfants dont quatre \u00e9lev\u00e9s dans un appartement insalubre et cinq autres temporairement h\u00e9berg\u00e9s l\u00e0, mais appartenant \u00e0 d&rsquo;autres membres de la communaut\u00e9, un contexte familial et social particuli\u00e8rement d\u00e9favoris\u00e9\u2026 Ce n&rsquo;est pas un billard \u00e0 trois bandes, mais un canevas \u00e0 la trame fragile que le <a href=\"https:\/\/www.laprovence.com\/article\/societe\/70456351216447\/tiktok-susceptible-de-pousser-les-mineurs-vers-le-suicide-enquete-ouverte-sur-lalgorithme-du-reseau-social\" target=\"_blank\" rel=\"noopener\">parquet des mineurs<\/a> de Marseille s&#8217;emploie \u00e0 d\u00e9m\u00ealer depuis deux jours.<\/p>\n<p>Alors qu&rsquo;ils intervenaient lundi matin pour des violences impliquant au moins quatre adultes dans un appartement du <a href=\"https:\/\/www.laprovence.com\/article\/faits-divers-justice\/118823411311915\/9-enfants-denutris-hospitalises-apres-une-intervention-pour-des-violences-conjugales-a-marseille\" target=\"_blank\" rel=\"noopener\">boulevard Catrano<\/a> dans le 15e arrondissement de Marseille, les marins-pompiers avaient d\u00e9couvert neuf enfants en \u00e9tat de d\u00e9nutrition. \u00c2g\u00e9s de 4 mois \u00e0 10 ans, ils avaient \u00e9t\u00e9 transport\u00e9s aux urgences p\u00e9diatriques, les uns \u00e0 l&rsquo;<a href=\"https:\/\/www.laprovence.com\/article\/region\/1027681146830815\/hopitaux-marseillais-d-ici-2030-un-tournant-historique-pour-l-ap-hm-affirme-la-direction\" target=\"_blank\" rel=\"noopener\">h\u00f4pital Nord<\/a>, les autres \u00e0 la <a href=\"https:\/\/www.laprovence.com\/article\/region\/42490017934823\/321-lits-1650-soignants-le-nouvel-hopital-femmes-parents-enfants-se-dessine-a-la-timone-a-marseille\" target=\"_blank\" rel=\"noopener\">Timone<\/a>.<\/p>\n<p>Quatre enfants toujours hospitalis\u00e9s en observation<\/p>\n<p>Au lendemain des faits ce mardi 4 novembre, seuls les quatre enfants de la m\u00e8re sont toujours hospitalis\u00e9s et restent en observation. Le parquet a requis leur <a href=\"https:\/\/www.laprovence.com\/article\/france-monde\/4605641572735514\/le-gouvernement-reforme-laccueil-des-bebes-dans-laide-sociale-a-lenfance\" target=\"_blank\" rel=\"noopener\">placement<\/a> provisoire. Les cinq autres enfants, dont l&rsquo;\u00e9tat a finalement \u00e9t\u00e9 jug\u00e9 satisfaisant apr\u00e8s examen m\u00e9dical, ont \u00e9t\u00e9 r\u00e9cup\u00e9r\u00e9s par d&rsquo;autres membres de la famille.<\/p>\n","protected":false},"excerpt":{"rendered":"Des violences dans une famille de Roms vivant dans des conditions particuli\u00e8rement pr\u00e9caires, neuf enfants dont quatre \u00e9lev\u00e9s&hellip;\n","protected":false},"author":2,"featured_media":512224,"comment_status":"","ping_status":"","sticky":false,"template":"","format":"standard","meta":{"footnotes":""},"categories":[2814],"tags":[17,1111,11,1102,13881,63292,1719,1777,674,274,1011,27,884,16027,12,1118,882,25,13985],"class_list":{"0":"post-512223","1":"post","2":"type-post","3":"status-publish","4":"format-standard","5":"has-post-thumbnail","7":"category-marseille","8":"tag-17","9":"tag-actu","10":"tag-actualites","11":"tag-breakingnews","12":"tag-decouverts","13":"tag-denutris","14":"tag-enfants","15":"tag-eu","16":"tag-europe","17":"tag-faits-divers-justice","18":"tag-fr","19":"tag-france","20":"tag-marseille","21":"tag-neuf","22":"tag-news","23":"tag-placement","24":"tag-provence-alpes-cote-dazur","25":"tag-republique-francaise","26":"tag-requis"},"share_on_mastodon":{"url":"https:\/\/pubeurope.com\/@fr\/115494011869252757","error":""},"_links":{"self":[{"href":"https:\/\/www.europesays.com\/fr\/wp-json\/wp\/v2\/posts\/512223","targetHints":{"allow":["GET"]}}],"collection":[{"href":"https:\/\/www.europesays.com\/fr\/wp-json\/wp\/v2\/posts"}],"about":[{"href":"https:\/\/www.europesays.com\/fr\/wp-json\/wp\/v2\/types\/post"}],"author":[{"embeddable":true,"href":"https:\/\/www.europesays.com\/fr\/wp-json\/wp\/v2\/users\/2"}],"replies":[{"embeddable":true,"href":"https:\/\/www.europesays.com\/fr\/wp-json\/wp\/v2\/comments?post=512223"}],"version-history":[{"count":0,"href":"https:\/\/www.europesays.com\/fr\/wp-json\/wp\/v2\/posts\/512223\/revisions"}],"wp:featuredmedia":[{"embeddable":true,"href":"https:\/\/www.europesays.com\/fr\/wp-json\/wp\/v2\/media\/512224"}],"wp:attachment":[{"href":"https:\/\/www.europesays.com\/fr\/wp-json\/wp\/v2\/media?parent=512223"}],"wp:term":[{"taxonomy":"category","embeddable":true,"href":"https:\/\/www.europesays.com\/fr\/wp-json\/wp\/v2\/categories?post=512223"},{"taxonomy":"post_tag","embeddable":true,"href":"https:\/\/www.europesays.com\/fr\/wp-json\/wp\/v2\/tags?post=512223"}],"curies":[{"name":"wp","href":"https:\/\/api.w.org\/{rel}","templated":true}]}}