{"id":512227,"date":"2025-11-04T23:26:27","date_gmt":"2025-11-04T23:26:27","guid":{"rendered":"https:\/\/www.europesays.com\/fr\/512227\/"},"modified":"2025-11-04T23:26:27","modified_gmt":"2025-11-04T23:26:27","slug":"gregory-doucet-lance-finalement-sa-campagne-avec-la-gauche-presque-toute-reunie","status":"publish","type":"post","link":"https:\/\/www.europesays.com\/fr\/512227\/","title":{"rendered":"Gr\u00e9gory Doucet lance finalement sa campagne avec la gauche (presque) toute r\u00e9unie"},"content":{"rendered":"<p>Ce mardi apr\u00e8s-midi, 24 heures apr\u00e8s avoir d\u00e9clar\u00e9 dans le Progr\u00e8s que <a href=\"https:\/\/www.lyonmag.com\/article\/147952\/gregory-doucet-temporise-ce-n-est-pas-le-temps-de-la-campagne-la-priorite-ce-sont-les-chantiers\" target=\"_blank\" rel=\"noopener\">ce n&rsquo;\u00e9tait \u00ab\u00a0pas le temps de la campagne\u00a0\u00bb<\/a>, <a href=\"https:\/\/www.lyonmag.com\/profil-personnalite-lyonnaise\/504\/gregory-doucet\" target=\"_blank\" rel=\"noopener\">Gr\u00e9gory Doucet<\/a> l&rsquo;a finalement lanc\u00e9e en grandes pompes.<\/p>\n<p>Le maire sortant de Lyon a r\u00e9uni toute la gauche, ou presque, derri\u00e8re lui place Antonin Jutard, sous le soleil de la Guilloti\u00e8re. Comme annonc\u00e9 depuis des semaines, le Parti Socialiste, le PCF mais aussi Place Publique, Voix Commune ou L&rsquo;Apr\u00e8s ont d\u00e9cid\u00e9 de s&rsquo;allier au premier tour des \u00e9lections municipales aux \u00e9cologistes.<\/p>\n<p>Le mot d&rsquo;ordre \u00e9tait pass\u00e9 : pas question de parler ou de tacler <a href=\"https:\/\/www.lyonmag.com\/profil-personnalite-lyonnaise\/8\/jean-michel-aulas\" target=\"_blank\" rel=\"noopener\">Jean-Michel Aulas<\/a>, <a href=\"https:\/\/www.lyonmag.com\/article\/147789\/sondages-exclusifs-municipales-a-lyon-et-metropole-gregory-doucet-et-bruno-bernard-sur-la-sellette\" target=\"_blank\" rel=\"noopener\">cr\u00e9dit\u00e9 de 47% dans le dernier sondage OpinionWay pour LyonMag et Radio Espace<\/a>. Mais plut\u00f4t de vanter l&rsquo;union du jour \u00ab\u00a0porteuse d&rsquo;espoir\u00a0\u00bb pour Lyon que Gr\u00e9gory Doucet ne veut pas voir tomber entre les mains \u00ab\u00a0des r\u00e9actionnaires\u00a0\u00bb.<\/p>\n<p>\u00ab\u00a0Tout le monde est l\u00e0 avec la ferme intention de s&rsquo;appuyer sur un bilan robuste. Celui sur lequel nous avons travaill\u00e9 ensemble d\u00e9j\u00e0 pendant six ans\u00a0\u00bb, a poursuivi l&rsquo;\u00e9dile lyonnais, qui a forc\u00e9ment fait des concessions pour parvenir \u00e0 rallier autant de monde \u00e0 ses c\u00f4t\u00e9s.<\/p>\n<p>Il n&rsquo;a \u00e9videmment pas parler des places, m\u00eame si on imagine que la plupart des alli\u00e9s b\u00e9n\u00e9ficieront de postes d&rsquo;adjoints en cas de r\u00e9\u00e9lection en mars prochain. Mais plut\u00f4t de programme, qui sera construit pour faire face aux \u00ab\u00a0urgences sociale et climatique\u00a0\u00bb. Le logement sera l&rsquo;une des priorit\u00e9s de Gr\u00e9gory Doucet.<\/p>\n<p>Il manquait \u00e9videmment quelqu&rsquo;un dans cette photo de famille, puisque tout le Nouveau Front Populaire n&rsquo;\u00e9tait pas r\u00e9uni. Et pour cause, la d\u00e9put\u00e9e LFI <a href=\"https:\/\/www.lyonmag.com\/profil-personnalite-lyonnaise\/698\/anais-belouassa-cherifi\" target=\"_blank\" rel=\"noopener\">Ana\u00efs Belouassa-Cherifi<\/a> fait bande \u00e0 part. Elle sera d&rsquo;ailleurs en meeting ce jeudi soir \u00e0 In-Sted avec Cl\u00e9mence Guett\u00e9.<\/p>\n<p>L&rsquo;ancien insoumis et d\u00e9sormais membre de L&rsquo;Apr\u00e8s <a href=\"https:\/\/www.lyonmag.com\/profil-personnalite-lyonnaise\/577\/laurent-bosetti\" target=\"_blank\" rel=\"noopener\">Laurent Bosetti<\/a> a officiellement appel\u00e9 Ana\u00efs Belouassa-Cherifi \u00ab\u00a0\u00e0 nous partager leurs propositions et \u00e0 faire cause commune en 2026 face \u00e0 nos adversaires de droite\u00a0\u00bb.<\/p>\n<p>Mais l&rsquo;ambiance c\u00f4t\u00e9 insoumis n&rsquo;est certainement pas \u00e0 la r\u00e9union. Thibault Logereau, collaborateur parlementaire de la d\u00e9put\u00e9e LFI, a rapidement r\u00e9agi, interpellant Gr\u00e9gory Doucet sur les r\u00e9seaux : \u00ab\u00a0Cessez de parler de \u201cl\u2019union de la gauche et des \u00e9cologistes\u201d. La premi\u00e8re force de gauche \u00e0 Lyon, ce sont les insoumis. Mais vous pr\u00e9f\u00e9rez pourtant vous allier avec ceux qui ont sauv\u00e9 Lecornu et son budget\u00a0\u00bb.<\/p>\n","protected":false},"excerpt":{"rendered":"Ce mardi apr\u00e8s-midi, 24 heures apr\u00e8s avoir d\u00e9clar\u00e9 dans le Progr\u00e8s que ce n&rsquo;\u00e9tait \u00ab\u00a0pas le temps de&hellip;\n","protected":false},"author":2,"featured_media":512228,"comment_status":"","ping_status":"","sticky":false,"template":"","format":"standard","meta":{"footnotes":""},"categories":[1889],"tags":[1111,11,2813,2190,2430,1109,251,1112,2811,1777,674,118,1011,27,1922,1110,1114,2428,2810,12,241,316,25,2812,517,800],"class_list":{"0":"post-512227","1":"post","2":"type-post","3":"status-publish","4":"format-standard","5":"has-post-thumbnail","7":"category-lyon","8":"tag-actu","9":"tag-actualites","10":"tag-article","11":"tag-asvel","12":"tag-auvergne-rhone-alpes","13":"tag-breves","14":"tag-culture","15":"tag-depeches","16":"tag-economique","17":"tag-eu","18":"tag-europe","19":"tag-faits-divers","20":"tag-fr","21":"tag-france","22":"tag-info","23":"tag-informations","24":"tag-infos","25":"tag-lyon","26":"tag-lyonmag","27":"tag-news","28":"tag-ol","29":"tag-politique","30":"tag-republique-francaise","31":"tag-sociale","32":"tag-sport","33":"tag-transports"},"share_on_mastodon":{"url":"https:\/\/pubeurope.com\/@fr\/115494019633902801","error":""},"_links":{"self":[{"href":"https:\/\/www.europesays.com\/fr\/wp-json\/wp\/v2\/posts\/512227","targetHints":{"allow":["GET"]}}],"collection":[{"href":"https:\/\/www.europesays.com\/fr\/wp-json\/wp\/v2\/posts"}],"about":[{"href":"https:\/\/www.europesays.com\/fr\/wp-json\/wp\/v2\/types\/post"}],"author":[{"embeddable":true,"href":"https:\/\/www.europesays.com\/fr\/wp-json\/wp\/v2\/users\/2"}],"replies":[{"embeddable":true,"href":"https:\/\/www.europesays.com\/fr\/wp-json\/wp\/v2\/comments?post=512227"}],"version-history":[{"count":0,"href":"https:\/\/www.europesays.com\/fr\/wp-json\/wp\/v2\/posts\/512227\/revisions"}],"wp:featuredmedia":[{"embeddable":true,"href":"https:\/\/www.europesays.com\/fr\/wp-json\/wp\/v2\/media\/512228"}],"wp:attachment":[{"href":"https:\/\/www.europesays.com\/fr\/wp-json\/wp\/v2\/media?parent=512227"}],"wp:term":[{"taxonomy":"category","embeddable":true,"href":"https:\/\/www.europesays.com\/fr\/wp-json\/wp\/v2\/categories?post=512227"},{"taxonomy":"post_tag","embeddable":true,"href":"https:\/\/www.europesays.com\/fr\/wp-json\/wp\/v2\/tags?post=512227"}],"curies":[{"name":"wp","href":"https:\/\/api.w.org\/{rel}","templated":true}]}}