{"id":512229,"date":"2025-11-04T23:27:12","date_gmt":"2025-11-04T23:27:12","guid":{"rendered":"https:\/\/www.europesays.com\/fr\/512229\/"},"modified":"2025-11-04T23:27:12","modified_gmt":"2025-11-04T23:27:12","slug":"lyon-frederic-merlin-jeune-loup-aux-dents-longues-dans-la-tempete-shein","status":"publish","type":"post","link":"https:\/\/www.europesays.com\/fr\/512229\/","title":{"rendered":"Lyon. Fr\u00e9d\u00e9ric Merlin, jeune loup\u00a0aux dents longues dans la temp\u00eate Shein"},"content":{"rendered":"<p>\u00c034 ans, le patron lyonnais de la Soci\u00e9t\u00e9 des Grands Magasins, SGM, et patron du BHV s\u2019est impos\u00e9 comme une figure aussi courtis\u00e9e que contest\u00e9e du retail fran\u00e7ais. Autour de Fr\u00e9d\u00e9ric Merlin, un cercle soud\u00e9\u00a0; en face, des partenaires qui s\u2019agacent. Entre les deux, un entrepreneur qui assume l\u2019exposition et les paris risqu\u00e9s.<\/p>\n<p>N\u00e9 \u00e0 V\u00e9nissieux en 1991, grandi \u00e0 Saint-Symphorien-d\u2019Ozon, Fr\u00e9d\u00e9ric Merlin se raconte comme un enfant du territoire lyonnais, marqu\u00e9 par des jeunes ann\u00e9es heureuses, une famille&#8230;<\/p>\n","protected":false},"excerpt":{"rendered":"\u00c034 ans, le patron lyonnais de la Soci\u00e9t\u00e9 des Grands Magasins, SGM, et patron du BHV s\u2019est impos\u00e9&hellip;\n","protected":false},"author":2,"featured_media":512230,"comment_status":"","ping_status":"","sticky":false,"template":"","format":"standard","meta":{"footnotes":""},"categories":[1889],"tags":[1111,11,2430,4406,33,1777,674,1011,27,2428,12,25],"class_list":{"0":"post-512229","1":"post","2":"type-post","3":"status-publish","4":"format-standard","5":"has-post-thumbnail","7":"category-lyon","8":"tag-actu","9":"tag-actualites","10":"tag-auvergne-rhone-alpes","11":"tag-commerce-et-services","12":"tag-economie","13":"tag-eu","14":"tag-europe","15":"tag-fr","16":"tag-france","17":"tag-lyon","18":"tag-news","19":"tag-republique-francaise"},"share_on_mastodon":{"url":"https:\/\/pubeurope.com\/@fr\/115494023528097188","error":""},"_links":{"self":[{"href":"https:\/\/www.europesays.com\/fr\/wp-json\/wp\/v2\/posts\/512229","targetHints":{"allow":["GET"]}}],"collection":[{"href":"https:\/\/www.europesays.com\/fr\/wp-json\/wp\/v2\/posts"}],"about":[{"href":"https:\/\/www.europesays.com\/fr\/wp-json\/wp\/v2\/types\/post"}],"author":[{"embeddable":true,"href":"https:\/\/www.europesays.com\/fr\/wp-json\/wp\/v2\/users\/2"}],"replies":[{"embeddable":true,"href":"https:\/\/www.europesays.com\/fr\/wp-json\/wp\/v2\/comments?post=512229"}],"version-history":[{"count":0,"href":"https:\/\/www.europesays.com\/fr\/wp-json\/wp\/v2\/posts\/512229\/revisions"}],"wp:featuredmedia":[{"embeddable":true,"href":"https:\/\/www.europesays.com\/fr\/wp-json\/wp\/v2\/media\/512230"}],"wp:attachment":[{"href":"https:\/\/www.europesays.com\/fr\/wp-json\/wp\/v2\/media?parent=512229"}],"wp:term":[{"taxonomy":"category","embeddable":true,"href":"https:\/\/www.europesays.com\/fr\/wp-json\/wp\/v2\/categories?post=512229"},{"taxonomy":"post_tag","embeddable":true,"href":"https:\/\/www.europesays.com\/fr\/wp-json\/wp\/v2\/tags?post=512229"}],"curies":[{"name":"wp","href":"https:\/\/api.w.org\/{rel}","templated":true}]}}