{"id":51223,"date":"2025-04-25T07:42:15","date_gmt":"2025-04-25T07:42:15","guid":{"rendered":"https:\/\/www.europesays.com\/fr\/51223\/"},"modified":"2025-04-25T07:42:15","modified_gmt":"2025-04-25T07:42:15","slug":"saint-etienne-deux-blesses-dans-un-accident-en-centre-ville","status":"publish","type":"post","link":"https:\/\/www.europesays.com\/fr\/51223\/","title":{"rendered":"Saint-\u00c9tienne : deux bless\u00e9s dans un accident en centre-ville"},"content":{"rendered":"<p>Une violente collision s&rsquo;est produite entre deux voitures, ce jeudi 24 avril, aux alentours de 23h, pr\u00e8s de la place Jacquard, \u00e0 Saint-\u00c9tienne.<\/p>\n<p>D&rsquo;apr\u00e8s les premiers \u00e9l\u00e9ments, l&rsquo;accident a eu lieu \u00e0 l&rsquo;angle de rue d&rsquo;Arcole et de la rue Elis\u00e9e Reclus, ce jeudi, aux alentours de 23h, \u00e0 <b>Saint-\u00c9tienne<\/b>.<\/p>\n<p>Deux rues barr\u00e9es<\/p>\n<p>Deux voitures se sont violemment percut\u00e9es. Parmi les quatre personnes impliqu\u00e9es, deux ont \u00e9t\u00e9 <b>prises en charge par les secours<\/b> et transport\u00e9es \u00e0 l&rsquo;h\u00f4pital.<\/p>\n<p>Trois voitures en stationnement ont \u00e9t\u00e9 percut\u00e9es lors du choc. Du mobilier urbain a \u00e9galement \u00e9t\u00e9 endommag\u00e9.<\/p>\n<p>Les deux rues ont \u00e9t\u00e9 barr\u00e9es le temps de l&rsquo;enl\u00e8vement des v\u00e9hicules accident\u00e9s.<\/p>\n<p><img loading=\"lazy\" decoding=\"async\" src=\"https:\/\/www.europesays.com\/fr\/wp-content\/uploads\/2025\/04\/1745566935_530_img\" width=\"350\" height=\"200\" border=\"0\" title=\"Les poubelles s'entassent dans les rues de Saint-\u00c3\u0089tienne\"\/><\/p>\n<p>\u25baSoci\u00e9t\u00e9<\/p>\n<p style=\"font-size: 22px;\"><b>Gr\u00e8ve des \u00e9boueurs \u00e0 Saint-\u00c9tienne : vers un retour \u00e0 la normale la semaine prochaine ?<\/b><\/p>\n<p>Apr\u00e8s la fin du pr\u00e9avis de gr\u00e8ve des \u00e9boueurs,&#8230;<\/p>\n<p><\/p>\n","protected":false},"excerpt":{"rendered":"Une violente collision s&rsquo;est produite entre deux voitures, ce jeudi 24 avril, aux alentours de 23h, pr\u00e8s de&hellip;\n","protected":false},"author":2,"featured_media":51224,"comment_status":"","ping_status":"","sticky":false,"template":"","format":"standard","meta":{"footnotes":""},"categories":[9653],"tags":[119,1111,11,2430,1777,674,1011,27,12,14432,1311,25,14433,14434,9920,4001],"class_list":{"0":"post-51223","1":"post","2":"type-post","3":"status-publish","4":"format-standard","5":"has-post-thumbnail","7":"category-saint-etienne","8":"tag-accident","9":"tag-actu","10":"tag-actualites","11":"tag-auvergne-rhone-alpes","12":"tag-eu","13":"tag-europe","14":"tag-fr","15":"tag-france","16":"tag-news","17":"tag-place-jacquard","18":"tag-pompiers","19":"tag-republique-francaise","20":"tag-rue-darcole","21":"tag-rue-reclus","22":"tag-saint-tienne","23":"tag-saint-etienne"},"share_on_mastodon":{"url":"https:\/\/pubeurope.com\/@fr\/114397481943752360","error":""},"_links":{"self":[{"href":"https:\/\/www.europesays.com\/fr\/wp-json\/wp\/v2\/posts\/51223","targetHints":{"allow":["GET"]}}],"collection":[{"href":"https:\/\/www.europesays.com\/fr\/wp-json\/wp\/v2\/posts"}],"about":[{"href":"https:\/\/www.europesays.com\/fr\/wp-json\/wp\/v2\/types\/post"}],"author":[{"embeddable":true,"href":"https:\/\/www.europesays.com\/fr\/wp-json\/wp\/v2\/users\/2"}],"replies":[{"embeddable":true,"href":"https:\/\/www.europesays.com\/fr\/wp-json\/wp\/v2\/comments?post=51223"}],"version-history":[{"count":0,"href":"https:\/\/www.europesays.com\/fr\/wp-json\/wp\/v2\/posts\/51223\/revisions"}],"wp:featuredmedia":[{"embeddable":true,"href":"https:\/\/www.europesays.com\/fr\/wp-json\/wp\/v2\/media\/51224"}],"wp:attachment":[{"href":"https:\/\/www.europesays.com\/fr\/wp-json\/wp\/v2\/media?parent=51223"}],"wp:term":[{"taxonomy":"category","embeddable":true,"href":"https:\/\/www.europesays.com\/fr\/wp-json\/wp\/v2\/categories?post=51223"},{"taxonomy":"post_tag","embeddable":true,"href":"https:\/\/www.europesays.com\/fr\/wp-json\/wp\/v2\/tags?post=51223"}],"curies":[{"name":"wp","href":"https:\/\/api.w.org\/{rel}","templated":true}]}}