{"id":512231,"date":"2025-11-04T23:29:15","date_gmt":"2025-11-04T23:29:15","guid":{"rendered":"https:\/\/www.europesays.com\/fr\/512231\/"},"modified":"2025-11-04T23:29:15","modified_gmt":"2025-11-04T23:29:15","slug":"lastronomie-du-xixe-siecle-planetarium","status":"publish","type":"post","link":"https:\/\/www.europesays.com\/fr\/512231\/","title":{"rendered":"L&rsquo;astronomie du XIXe si\u00e8cle &#8211; Plan\u00e9tarium"},"content":{"rendered":"<p id=\"descriptionPanel\" class=\"text-secondary mr-2 line-clamp-2 pr-2.5 overflow-visible\">Au XIXe si\u00e8cle, l\u2019astronomie entre dans une \u00e8re de bouleversements : nouvelles cartes du ciel, d\u00e9couvertes de plan\u00e8tes, t\u00e9lescopes g\u00e9ants\u2026 Plan\u00e9tarium re\u00e7oit Elsa Courant, chercheuse au CNRS et sp\u00e9cialiste des relations entre science et litt\u00e9rature, pour explorer comment ces avanc\u00e9es ont transform\u00e9 notre mani\u00e8re de penser l\u2019univers. Entre observatoires et imagination, un si\u00e8cle o\u00f9 la science a redessin\u00e9 le ciel des hommes !<\/p>\n<p>Afficher la version longue du r\u00e9sum\u00e9<a class=\"shrink-0\" href=\"https:\/\/www.tf1.fr\/le-figaro\/planetarium\" target=\"_blank\" rel=\"noopener\"><img decoding=\"async\" src=\"https:\/\/www.europesays.com\/fr\/wp-content\/uploads\/2025\/11\/planetarium-1760548357-7ebdff-3b9293-0@1x.jpg\" width=\"138\" height=\"184\" alt=\"\" loading=\"eager\" fetchpriority=\"auto\" class=\"rounded-3px aspect-[3\/4] h-24 w-auto\" aria-hidden=\"true\"\/><\/a><\/p>\n<p>25m<\/p>\n<p><img decoding=\"async\" src=\"https:\/\/www.europesays.com\/fr\/wp-content\/uploads\/2025\/05\/lefigaro-logo-editeur-a24114-19ceaf-0@3x.png\" alt=\"Le Figaro\" loading=\"eager\" class=\"h-5 w-14\" fetchpriority=\"auto\"\/>5 nov. 2025 \u00e0 00:00<\/p>\n","protected":false},"excerpt":{"rendered":"Au XIXe si\u00e8cle, l\u2019astronomie entre dans une \u00e8re de bouleversements : nouvelles cartes du ciel, d\u00e9couvertes de plan\u00e8tes,&hellip;\n","protected":false},"author":2,"featured_media":512232,"comment_status":"","ping_status":"","sticky":false,"template":"","format":"standard","meta":{"footnotes":""},"categories":[1592],"tags":[1111,11,2889,62542,63294,63295,1777,674,1011,27,662,12,626,41659,63296,63297,63293,63305,63309,63301,63304,63308,63300,25,63306,63307,63302,63303,63298,63299],"class_list":{"0":"post-512231","1":"post","2":"type-post","3":"status-publish","4":"format-standard","5":"has-post-thumbnail","7":"category-ile-de-france","8":"tag-actu","9":"tag-actualites","10":"tag-emission","11":"tag-emission-le-figaro-tv","12":"tag-emission-planetarium","13":"tag-emission-planetarium-le-figaro-tv","14":"tag-eu","15":"tag-europe","16":"tag-fr","17":"tag-france","18":"tag-ile-de-france","19":"tag-news","20":"tag-paris","21":"tag-planetarium","22":"tag-planetarium-emission","23":"tag-planetarium-emission-le-figaro-tv","24":"tag-planetarium-le-figaro-tv","25":"tag-planetarium-le-figaro-tv-streaming","26":"tag-planetarium-le-figaro-tv-streaming-gratuit","27":"tag-planetarium-le-figaro-tv-video","28":"tag-planetarium-streaming","29":"tag-planetarium-streaming-gratuit","30":"tag-planetarium-video","31":"tag-republique-francaise","32":"tag-streaming-gratuit-planetarium","33":"tag-streaming-gratuit-planetarium-le-figaro-tv","34":"tag-streaming-planetarium","35":"tag-streaming-planetarium-le-figaro-tv","36":"tag-video-planetarium","37":"tag-video-planetarium-le-figaro-tv"},"share_on_mastodon":{"url":"","error":"Validation failed: Text character limit of 500 exceeded"},"_links":{"self":[{"href":"https:\/\/www.europesays.com\/fr\/wp-json\/wp\/v2\/posts\/512231","targetHints":{"allow":["GET"]}}],"collection":[{"href":"https:\/\/www.europesays.com\/fr\/wp-json\/wp\/v2\/posts"}],"about":[{"href":"https:\/\/www.europesays.com\/fr\/wp-json\/wp\/v2\/types\/post"}],"author":[{"embeddable":true,"href":"https:\/\/www.europesays.com\/fr\/wp-json\/wp\/v2\/users\/2"}],"replies":[{"embeddable":true,"href":"https:\/\/www.europesays.com\/fr\/wp-json\/wp\/v2\/comments?post=512231"}],"version-history":[{"count":0,"href":"https:\/\/www.europesays.com\/fr\/wp-json\/wp\/v2\/posts\/512231\/revisions"}],"wp:featuredmedia":[{"embeddable":true,"href":"https:\/\/www.europesays.com\/fr\/wp-json\/wp\/v2\/media\/512232"}],"wp:attachment":[{"href":"https:\/\/www.europesays.com\/fr\/wp-json\/wp\/v2\/media?parent=512231"}],"wp:term":[{"taxonomy":"category","embeddable":true,"href":"https:\/\/www.europesays.com\/fr\/wp-json\/wp\/v2\/categories?post=512231"},{"taxonomy":"post_tag","embeddable":true,"href":"https:\/\/www.europesays.com\/fr\/wp-json\/wp\/v2\/tags?post=512231"}],"curies":[{"name":"wp","href":"https:\/\/api.w.org\/{rel}","templated":true}]}}