{"id":512248,"date":"2025-11-04T23:38:18","date_gmt":"2025-11-04T23:38:18","guid":{"rendered":"https:\/\/www.europesays.com\/fr\/512248\/"},"modified":"2025-11-04T23:38:18","modified_gmt":"2025-11-04T23:38:18","slug":"entretien-des-ambassadrices-de-france-et-dallemagne-avec-monsieur-goncalo","status":"publish","type":"post","link":"https:\/\/www.europesays.com\/fr\/512248\/","title":{"rendered":"Entretien des Ambassadrices de France et d\u2019Allemagne avec Monsieur Gon\u00e7alo (&#8230;)"},"content":{"rendered":"<p>L\u2019Ambassadrice H\u00e9l\u00e8ne Farnaud-Defromont et l\u2019Ambassadrice d\u2019Allemagne Daniela Schlegel se sont entretenues conjointement avec le ministre en charge de la r\u00e9forme de l\u2019Etat, M.\u00a0Gon\u00e7alo Matias, le 3 novembre.<\/p>\n<p>Nomm\u00e9 en juin dernier \u00e0 la t\u00eate d\u2019un minist\u00e8re nouvellement cr\u00e9\u00e9, M.\u00a0Matias leur a pr\u00e9sent\u00e9 les grands principes et les mesures pr\u00e9vues pour r\u00e9former l\u2019Etat portugais, notamment par la simplification, la digitalisation et une meilleure coordination entre services de l\u2019Etat.<\/p>\n<p>\n<img loading=\"lazy\" decoding=\"async\" src=\"https:\/\/www.europesays.com\/fr\/wp-content\/uploads\/2025\/11\/129cc67f11fad1f4-0641e.jpg\" width=\"945\" height=\"630\" alt=\"Entretien des Ambassadrices de France et d'Allemagne avec Monsieur Gon\u00e7alo Matias, ministre en charge de la r\u00e9forme de l'Etat. - JPEG\" title=\"Entretien des Ambassadrices de France et d'Allemagne avec Monsieur Gon\u00e7alo Matias, ministre en charge de la r\u00e9forme de l'Etat. - \u00a9 Gabinete do Ministro Adjunto e da Reforma do Estado\" role=\"img\"\/><\/p>\n","protected":false},"excerpt":{"rendered":"L\u2019Ambassadrice H\u00e9l\u00e8ne Farnaud-Defromont et l\u2019Ambassadrice d\u2019Allemagne Daniela Schlegel se sont entretenues conjointement avec le ministre en charge de&hellip;\n","protected":false},"author":2,"featured_media":512249,"comment_status":"","ping_status":"","sticky":false,"template":"","format":"standard","meta":{"footnotes":""},"categories":[1587],"tags":[11,672,1804,1805,1803,1777,674,1801,12,1802],"class_list":{"0":"post-512248","1":"post","2":"type-post","3":"status-publish","4":"format-standard","5":"has-post-thumbnail","7":"category-allemagne","8":"tag-actualites","9":"tag-allemagne","10":"tag-bundesrepublik-deutschland","11":"tag-de","12":"tag-deutschland","13":"tag-eu","14":"tag-europe","15":"tag-germany","16":"tag-news","17":"tag-republique-federale-dallemagne"},"share_on_mastodon":{"url":"https:\/\/pubeurope.com\/@fr\/115494067627390173","error":""},"_links":{"self":[{"href":"https:\/\/www.europesays.com\/fr\/wp-json\/wp\/v2\/posts\/512248","targetHints":{"allow":["GET"]}}],"collection":[{"href":"https:\/\/www.europesays.com\/fr\/wp-json\/wp\/v2\/posts"}],"about":[{"href":"https:\/\/www.europesays.com\/fr\/wp-json\/wp\/v2\/types\/post"}],"author":[{"embeddable":true,"href":"https:\/\/www.europesays.com\/fr\/wp-json\/wp\/v2\/users\/2"}],"replies":[{"embeddable":true,"href":"https:\/\/www.europesays.com\/fr\/wp-json\/wp\/v2\/comments?post=512248"}],"version-history":[{"count":0,"href":"https:\/\/www.europesays.com\/fr\/wp-json\/wp\/v2\/posts\/512248\/revisions"}],"wp:featuredmedia":[{"embeddable":true,"href":"https:\/\/www.europesays.com\/fr\/wp-json\/wp\/v2\/media\/512249"}],"wp:attachment":[{"href":"https:\/\/www.europesays.com\/fr\/wp-json\/wp\/v2\/media?parent=512248"}],"wp:term":[{"taxonomy":"category","embeddable":true,"href":"https:\/\/www.europesays.com\/fr\/wp-json\/wp\/v2\/categories?post=512248"},{"taxonomy":"post_tag","embeddable":true,"href":"https:\/\/www.europesays.com\/fr\/wp-json\/wp\/v2\/tags?post=512248"}],"curies":[{"name":"wp","href":"https:\/\/api.w.org\/{rel}","templated":true}]}}