{"id":51225,"date":"2025-04-25T07:43:27","date_gmt":"2025-04-25T07:43:27","guid":{"rendered":"https:\/\/www.europesays.com\/fr\/51225\/"},"modified":"2025-04-25T07:43:27","modified_gmt":"2025-04-25T07:43:27","slug":"gratuite-du-reseau-stan-pour-les-plus-de-65-ans-dans-le-grand-nancy-on-connait-la-date","status":"publish","type":"post","link":"https:\/\/www.europesays.com\/fr\/51225\/","title":{"rendered":"Gratuit\u00e9 du r\u00e9seau Stan pour les plus de 65 ans dans le Grand Nancy : on conna\u00eet la date"},"content":{"rendered":"<p>            Par<br \/>\n        <strong><br \/>\n            <a href=\"https:\/\/actu.fr\/auteur\/amandine-mehl\" title=\"Consulter tous les articles de Amandine Mehl\" rel=\"nofollow noopener\" target=\"_blank\">Amandine Mehl<\/a><br \/>\n        <\/strong><\/p>\n<p>        Publi\u00e9 le<\/p>\n<p>            24 avr. 2025 \u00e0 15h50        <\/p>\n<p>Alors que l\u2019instauration de la <a href=\"https:\/\/actu.fr\/grand-est\/nancy_54395\/prevue-pour-2025-la-gratuite-du-reseau-stan-pour-les-plus-de-65-ans-pourrait-ne-pas-se-faire-voici-pourquoi_62084155.html\" rel=\"nofollow noopener\" target=\"_blank\">gratuit\u00e9 du r\u00e9seau Stan<\/a> pour les <strong>plus de 65\u00a0ans<\/strong>, dans le <a href=\"https:\/\/actu.fr\/tag\/grand-nancy\" rel=\"nofollow noopener\" target=\"_blank\">Grand Nancy<\/a>, avait \u00e9t\u00e9 remise en question en raison du projet de loi de finances et de ses coupes budg\u00e9taires pour les collectivit\u00e9s locales, <strong>Mathieu Klein<\/strong> a annonc\u00e9 ce jeudi 24\u00a0avril que l\u2019engagement pris lors des municipales de 2020 <strong>serait tenu en 2025<\/strong>.<\/p>\n<p>Gratuit\u00e9 du r\u00e9seau Stan pour les plus de 65\u00a0ans \u00e0 partir du 1er\u00a0ao\u00fbt<\/p>\n<p class=\" wall-content\">Ainsi, \u00e0 compter du <strong>vendredi 1er\u00a0ao\u00fbt 2025<\/strong>, les personnes \u00e2g\u00e9es de <a href=\"https:\/\/actu.fr\/grand-est\/nancy_54395\/reseau-stan-a-nancy-on-sait-quand-les-bus-vont-devenir-gratuits-pour-les-plus-de-65-ans_61104562.html\" rel=\"nofollow noopener\" target=\"_blank\">plus de 65\u00a0ans<\/a> pourront voyager <strong>gratuitement<\/strong> en empruntant le trolleybus et les bus du <a href=\"https:\/\/actu.fr\/tag\/reseau-stan\" rel=\"nofollow noopener\" target=\"_blank\">r\u00e9seau Stan<\/a>.<\/p>\n<p class=\" wall-content\">Pour rappel, le r\u00e9seau de transports en commun est <strong>gratuit, pour tous, chaque week-end<\/strong> depuis le 1er\u00a0d\u00e9cembre 2020 et pour les<strong> moins de 18\u00a0ans<\/strong> r\u00e9sidant dans la m\u00e9tropole depuis le 1er\u00a0mars 2022.<\/p>\n<p class=\" wall-content\">Suivez toute l\u2019actualit\u00e9 de vos villes et m\u00e9dias favoris en vous inscrivant \u00e0 <a href=\"https:\/\/moncompte.actu.fr\" title=\"D\u00e9couvez Mon Actu\" rel=\"nofollow noopener\" data-trk=\"{&quot;cta&quot;:{&quot;action&quot;:&quot;https:\\\/\\\/moncompte.actu.fr&quot;,&quot;category&quot;:&quot;mon compte&quot;,&quot;from&quot;:&quot;article footer&quot;,&quot;name&quot;:&quot;Mon actu&quot;,&quot;type&quot;:&quot;cta&quot;}}\" target=\"_blank\">Mon Actu<\/a>.<\/p>\n","protected":false},"excerpt":{"rendered":"Par Amandine Mehl Publi\u00e9 le 24 avr. 2025 \u00e0 15h50 Alors que l\u2019instauration de la gratuit\u00e9 du r\u00e9seau&hellip;\n","protected":false},"author":2,"featured_media":51226,"comment_status":"","ping_status":"","sticky":false,"template":"","format":"standard","meta":{"footnotes":""},"categories":[9635],"tags":[1111,11,1777,674,1011,27,775,10375,1702,12,25,9849,104,2803],"class_list":{"0":"post-51225","1":"post","2":"type-post","3":"status-publish","4":"format-standard","5":"has-post-thumbnail","7":"category-nancy","8":"tag-actu","9":"tag-actualites","10":"tag-eu","11":"tag-europe","12":"tag-fr","13":"tag-france","14":"tag-grand-est","15":"tag-grand-nancy","16":"tag-nancy","17":"tag-news","18":"tag-republique-francaise","19":"tag-reseau-stan","20":"tag-societe","21":"tag-transport"},"share_on_mastodon":{"url":"https:\/\/pubeurope.com\/@fr\/114397485725198063","error":""},"_links":{"self":[{"href":"https:\/\/www.europesays.com\/fr\/wp-json\/wp\/v2\/posts\/51225","targetHints":{"allow":["GET"]}}],"collection":[{"href":"https:\/\/www.europesays.com\/fr\/wp-json\/wp\/v2\/posts"}],"about":[{"href":"https:\/\/www.europesays.com\/fr\/wp-json\/wp\/v2\/types\/post"}],"author":[{"embeddable":true,"href":"https:\/\/www.europesays.com\/fr\/wp-json\/wp\/v2\/users\/2"}],"replies":[{"embeddable":true,"href":"https:\/\/www.europesays.com\/fr\/wp-json\/wp\/v2\/comments?post=51225"}],"version-history":[{"count":0,"href":"https:\/\/www.europesays.com\/fr\/wp-json\/wp\/v2\/posts\/51225\/revisions"}],"wp:featuredmedia":[{"embeddable":true,"href":"https:\/\/www.europesays.com\/fr\/wp-json\/wp\/v2\/media\/51226"}],"wp:attachment":[{"href":"https:\/\/www.europesays.com\/fr\/wp-json\/wp\/v2\/media?parent=51225"}],"wp:term":[{"taxonomy":"category","embeddable":true,"href":"https:\/\/www.europesays.com\/fr\/wp-json\/wp\/v2\/categories?post=51225"},{"taxonomy":"post_tag","embeddable":true,"href":"https:\/\/www.europesays.com\/fr\/wp-json\/wp\/v2\/tags?post=51225"}],"curies":[{"name":"wp","href":"https:\/\/api.w.org\/{rel}","templated":true}]}}