{"id":512250,"date":"2025-11-04T23:39:11","date_gmt":"2025-11-04T23:39:11","guid":{"rendered":"https:\/\/www.europesays.com\/fr\/512250\/"},"modified":"2025-11-04T23:39:11","modified_gmt":"2025-11-04T23:39:11","slug":"fiba-europe-cup-4e-journee-apres-sa-victoire-en-italie-la-jda-dijon-est-encore-en-vie","status":"publish","type":"post","link":"https:\/\/www.europesays.com\/fr\/512250\/","title":{"rendered":"Fiba Europe Cup (4e journ\u00e9e). Apr\u00e8s sa victoire en Italie, la JDA Dijon est encore en vie"},"content":{"rendered":"<p>Reggiana (ITA) &#8211; JDA Dijon<\/p>\n<p>76-79<\/p>\n<p>Avant le d\u00e9but de la rencontre, une d\u00e9faite dijonnaise en Emilie-Romagne combin\u00e9e \u00e0 un succ\u00e8s du Cibona Zagreb face \u00e0 Bashkimi aurait condamn\u00e9 d\u00e9finitivement les C\u00f4te-d\u2019Oriens dans leur qu\u00eate d\u2019une qualification pour le prochain tour. Les Kosovars ont fait le boulot en \u00e9crasant les Croates (89-69). Restait aux Dijonnais de faire de m\u00eame. Que ce fut dur mais les joueurs de Laurent Legname l\u2019ont finalement fait. En sortant un gros match face \u00e0 une \u00e9quipe <a href=\"https:\/\/www.bienpublic.com\/sport\/2025\/10\/15\/la-jda-dijon-a-fini-par-s-ecrouler\" target=\"_blank\" rel=\"noopener\">qui les avait battus \u00e0 l\u2019aller (88-96 a. p.)<\/a>.<\/p>\n<p>Amput\u00e9e de Justin Bibbins, mais avec un Williams Narace de retour et auteur de son premier match avec Dijon, les C\u00f4te-d\u2019Oriens prennent la meilleure entame (2-6, 3e ), avant de subir un 11-0 face \u00e0 des Biancorossi qui artillent \u00e0 tout-va. Luca Severini, puis Jaylen Barford et encore Severini (13-6, 5e ). En&#8230;<\/p>\n","protected":false},"excerpt":{"rendered":"Reggiana (ITA) &#8211; JDA Dijon 76-79 Avant le d\u00e9but de la rencontre, une d\u00e9faite dijonnaise en Emilie-Romagne combin\u00e9e&hellip;\n","protected":false},"author":2,"featured_media":512251,"comment_status":"","ping_status":"","sticky":false,"template":"","format":"standard","meta":{"footnotes":""},"categories":[1586],"tags":[11,1791,2930,8587,8588,1777,674,107,1011,27,7721,12,25,517],"class_list":{"0":"post-512250","1":"post","2":"type-post","3":"status-publish","4":"format-standard","5":"has-post-thumbnail","7":"category-europe","8":"tag-actualites","9":"tag-basket-ball","10":"tag-dijon","11":"tag-dijon-ville","12":"tag-edition-dijon-et-son-agglomeration","13":"tag-eu","14":"tag-europe","15":"tag-fil-info","16":"tag-fr","17":"tag-france","18":"tag-jda-dijon-basket","19":"tag-news","20":"tag-republique-francaise","21":"tag-sport"},"share_on_mastodon":{"url":"https:\/\/pubeurope.com\/@fr\/115494070750141944","error":""},"_links":{"self":[{"href":"https:\/\/www.europesays.com\/fr\/wp-json\/wp\/v2\/posts\/512250","targetHints":{"allow":["GET"]}}],"collection":[{"href":"https:\/\/www.europesays.com\/fr\/wp-json\/wp\/v2\/posts"}],"about":[{"href":"https:\/\/www.europesays.com\/fr\/wp-json\/wp\/v2\/types\/post"}],"author":[{"embeddable":true,"href":"https:\/\/www.europesays.com\/fr\/wp-json\/wp\/v2\/users\/2"}],"replies":[{"embeddable":true,"href":"https:\/\/www.europesays.com\/fr\/wp-json\/wp\/v2\/comments?post=512250"}],"version-history":[{"count":0,"href":"https:\/\/www.europesays.com\/fr\/wp-json\/wp\/v2\/posts\/512250\/revisions"}],"wp:featuredmedia":[{"embeddable":true,"href":"https:\/\/www.europesays.com\/fr\/wp-json\/wp\/v2\/media\/512251"}],"wp:attachment":[{"href":"https:\/\/www.europesays.com\/fr\/wp-json\/wp\/v2\/media?parent=512250"}],"wp:term":[{"taxonomy":"category","embeddable":true,"href":"https:\/\/www.europesays.com\/fr\/wp-json\/wp\/v2\/categories?post=512250"},{"taxonomy":"post_tag","embeddable":true,"href":"https:\/\/www.europesays.com\/fr\/wp-json\/wp\/v2\/tags?post=512250"}],"curies":[{"name":"wp","href":"https:\/\/api.w.org\/{rel}","templated":true}]}}