{"id":512252,"date":"2025-11-04T23:40:17","date_gmt":"2025-11-04T23:40:17","guid":{"rendered":"https:\/\/www.europesays.com\/fr\/512252\/"},"modified":"2025-11-04T23:40:17","modified_gmt":"2025-11-04T23:40:17","slug":"la-chine-est-disposee-a-negocier-un-accord-de-libre-echange-avec-lue","status":"publish","type":"post","link":"https:\/\/www.europesays.com\/fr\/512252\/","title":{"rendered":"La Chine est dispos\u00e9e \u00e0 n\u00e9gocier un accord de libre-\u00e9change avec l&rsquo;UE"},"content":{"rendered":"<p>\n                                        <b>Par<\/b><br \/>\n                                        <br \/>Reuters\n                                    <\/p>\n<p>\n                                    <b>Publi\u00e9 le<\/b><br \/>\n                                    <\/p>\n<p>                                        4 novembre 2025<\/p>\n<p class=\"article-content col-md-8 offset-md-1\">\n                                La Chine est dispos\u00e9e \u00e0 n\u00e9gocier et signer un accord de libre-\u00e9change avec l&rsquo;Union europ\u00e9enne (UE), a annonc\u00e9 mardi le ministre chinois des Affaires \u00e9trang\u00e8res Wang Yi lors d&rsquo;une r\u00e9union avec son homologue estonien \u00e0 P\u00e9kin.<\/p>\n<p><img decoding=\"async\" class=\"news-image\" style=\"width:100%;max-width:678px;\" src=\"https:\/\/www.europesays.com\/fr\/wp-content\/uploads\/2025\/11\/afaf.png\" alt=\"Le ministre chinois des Affaires \u00e9trang\u00e8res Wang Yi Le ministre chinois des Affaires \u00e9trang\u00e8res Wang Yi\" loading=\"lazy\"\/>Le ministre chinois des Affaires \u00e9trang\u00e8res Wang Yi Le ministre chinois des Affaires \u00e9trang\u00e8res Wang Yi &#8211; (Reuters &#8211; Maxim Shemetov)<\/p>\n<p>\u00ab\u00a0La Chine et l&rsquo;Europe sont des partenaires de coop\u00e9ration\u00a0\u00bb, a d\u00e9clar\u00e9 Wang Yi, ajoutant que les deux parties ne devraient pas \u00eatre rivales, selon un communiqu\u00e9 publi\u00e9 par le minist\u00e8re chinois des Affaires \u00e9trang\u00e8res.\u00a0<\/p>\n<p class=\"col-md-8 offset-md-1 article-content--texte\">P\u00c9KIN (Reuters) &#8211;\n                            <\/p>\n<p>\n                                \u00a9 Thomson Reuters 2025 All rights reserved.\n                            <\/p>\n","protected":false},"excerpt":{"rendered":"Par Reuters Publi\u00e9 le 4 novembre 2025 La Chine est dispos\u00e9e \u00e0 n\u00e9gocier et signer un accord de&hellip;\n","protected":false},"author":2,"featured_media":512253,"comment_status":"","ping_status":"","sticky":false,"template":"","format":"standard","meta":{"footnotes":""},"categories":[1586],"tags":[11,2424,537,2423,1777,674,1779,1011,27,2425,985,12,2298,2426,2427,25,2421,2422,1778,364],"class_list":{"0":"post-512252","1":"post","2":"type-post","3":"status-publish","4":"format-standard","5":"has-post-thumbnail","7":"category-europe","8":"tag-actualites","9":"tag-beaute","10":"tag-contact","11":"tag-cosmetiques","12":"tag-eu","13":"tag-europe","14":"tag-european-union","15":"tag-fr","16":"tag-france","17":"tag-luxe","18":"tag-mode","19":"tag-news","20":"tag-parfum","21":"tag-professionnel","22":"tag-professionnels","23":"tag-republique-francaise","24":"tag-reseau","25":"tag-textile","26":"tag-ue","27":"tag-union-europeenne"},"share_on_mastodon":{"url":"https:\/\/pubeurope.com\/@fr\/115494075309337904","error":""},"_links":{"self":[{"href":"https:\/\/www.europesays.com\/fr\/wp-json\/wp\/v2\/posts\/512252","targetHints":{"allow":["GET"]}}],"collection":[{"href":"https:\/\/www.europesays.com\/fr\/wp-json\/wp\/v2\/posts"}],"about":[{"href":"https:\/\/www.europesays.com\/fr\/wp-json\/wp\/v2\/types\/post"}],"author":[{"embeddable":true,"href":"https:\/\/www.europesays.com\/fr\/wp-json\/wp\/v2\/users\/2"}],"replies":[{"embeddable":true,"href":"https:\/\/www.europesays.com\/fr\/wp-json\/wp\/v2\/comments?post=512252"}],"version-history":[{"count":0,"href":"https:\/\/www.europesays.com\/fr\/wp-json\/wp\/v2\/posts\/512252\/revisions"}],"wp:featuredmedia":[{"embeddable":true,"href":"https:\/\/www.europesays.com\/fr\/wp-json\/wp\/v2\/media\/512253"}],"wp:attachment":[{"href":"https:\/\/www.europesays.com\/fr\/wp-json\/wp\/v2\/media?parent=512252"}],"wp:term":[{"taxonomy":"category","embeddable":true,"href":"https:\/\/www.europesays.com\/fr\/wp-json\/wp\/v2\/categories?post=512252"},{"taxonomy":"post_tag","embeddable":true,"href":"https:\/\/www.europesays.com\/fr\/wp-json\/wp\/v2\/tags?post=512252"}],"curies":[{"name":"wp","href":"https:\/\/api.w.org\/{rel}","templated":true}]}}