{"id":512260,"date":"2025-11-04T23:44:17","date_gmt":"2025-11-04T23:44:17","guid":{"rendered":"https:\/\/www.europesays.com\/fr\/512260\/"},"modified":"2025-11-04T23:44:17","modified_gmt":"2025-11-04T23:44:17","slug":"romain-wattel-jusqualors-5e-reserve-sinvite-aux-pq3-des-cartes-europeennes","status":"publish","type":"post","link":"https:\/\/www.europesays.com\/fr\/512260\/","title":{"rendered":"Romain Wattel, jusqu&rsquo;alors 5e r\u00e9serve, s&rsquo;invite aux PQ3 des Cartes europ\u00e9ennes"},"content":{"rendered":"<p>\t\t\t\t\t\t<img width=\"770\" height=\"558\" src=\"https:\/\/www.europesays.com\/fr\/wp-content\/uploads\/2025\/04\/romain-wattel-challenge-tour-espagne-770x558.jpg\" class=\"img-responsive wp-post-image\" alt=\"Romain Wattel Photo by Octavio Passos\/Getty Images\" decoding=\"async\" fetchpriority=\"high\"  \/>\t\t\t\t\t<\/p>\n<p>\t\t\t\t\t\t Partager cet article <\/p>\n<p class=\"screen-reader-text juiz_sps_maybe_hidden_text\">Partager la publication \u00ab\u00a0Romain Wattel, jusqu\u2019alors 5e r\u00e9serve, s\u2019invite aux PQ3 des Cartes europ\u00e9ennes\u00a0\u00bb<\/p>\n<p><strong>Battu en playoff \u00e0 Albacete \u00e0 l\u2019issue du 4e tour des PQ2 ce dimanche 2 novembre, Romain Wattel a finalement \u00e9t\u00e9 rep\u00each\u00e9 en tant que 5e r\u00e9serve des PQ3 des Cartes europ\u00e9ennes qui d\u00e9butent ce vendredi 7 novembre. Seuls les 20 premiers et ex aequo apr\u00e8s six longs tours obtiendront une cat\u00e9gorie 18 sur le DP World Tour 2025-26 et une cat\u00e9gorie 5 sur l\u2019HotelPlanner Tour 2026. Il y aura donc 11 Fran\u00e7ais au d\u00e9part \u00e0 Tarragone !\u00a0<\/strong><\/p>\n<p>\t\t\t\t\t<a id=\"190593\" href=\"https:\/\/leclub-golf.sumupstore.com\/\" target=\"_blank\" rel=\"sponsorised nofollow noopener\"><img decoding=\"async\" src=\"data:image\/svg+xml,%3Csvg%20xmlns=\" http:=\"\" class=\"img-responsive\" alt=\"\" data-lazy-src=\"https:\/\/www.europesays.com\/fr\/wp-content\/uploads\/2025\/11\/leclubgolf-e13-coffrets-cadeaux-1170x275-1.png\"\/><\/a><\/p>\n<p><strong>L.V.<\/strong><\/p>\n<p>Bonne nouvelle pour le clan tricolore. <a href=\"https:\/\/www.golfplanete.com\/actualites\/les-francais-en-force-aux-pq3-des-cartes-europeennes-a-tarragone\/\" target=\"_blank\" rel=\"noopener nofollow\">Il y aura finalement onze Fran\u00e7ais<\/a> au d\u00e9part des <strong>PQ3 des Cartes europ\u00e9ennes<\/strong> pr\u00e9vues du 7 au 12 novembre. <strong>Romain Wattel<\/strong>, 34 ans, est en effet entr\u00e9 ce mardi 4 novembre dans le champ \u00e0 Tarragone malgr\u00e9 son statut de 5e r\u00e9serve suite \u00e0 sa d\u00e9faite en playoff \u00e0 Albacete apr\u00e8s avoir termin\u00e9 22e (en compagnie de trois autres joueurs pour seulement deux places).\u00a0<\/p>\n<p><a href=\"https:\/\/www.europeantour.com\/dpworld-tour\/final-stage-infinitum-golf-2025\/entry-list\" target=\"_blank\" rel=\"noopener nofollow\">Retrouvez le champ complet des PQ3 des Cartes europ\u00e9ennes<\/a><\/p>\n<p>146e de l\u2019<strong>HotelPlanner Tour 2025<\/strong> et en possession d\u2019une cat\u00e9gorie 16 sur la 2e division europ\u00e9enne, le vainqueur du <strong>KLM Open 2017<\/strong>\u00a0est d\u00e9j\u00e0 assur\u00e9 d\u2019une cat\u00e9gorie 15 sur l\u2019HotelPlanner Tour (ex <strong>Challenge Tour<\/strong>) en participant \u00e0 la finale. Il pourrait h\u00e9riter d\u2019une cat\u00e9gorie 13 s\u2019il franchit le cut apr\u00e8s 72 trous et d\u2019une cat\u00e9gorie 9 s\u2019il finit dans le top 40 apr\u00e8s 72 trous.<\/p>\n<p>S\u2019il parvient \u00e0 terminer dans le top 20 et ex aequo mercredi soir prochain, il b\u00e9n\u00e9ficiera d\u2019une cat\u00e9gorie 18 sur le <strong>DP World Tour<\/strong> et d\u2019une cat\u00e9gorie 5 tr\u00e8s avantageuse sur l\u2019HotelPlanner Tour.\u00a0<\/p>\n<p>Signalons que Romain Wattel rejoint \u00e0 l\u2019<strong>Infinitum Golf<\/strong> de Tarragone (Espagne) <strong>Cl\u00e9ment Sordet<\/strong> et <strong>Alexander Levy<\/strong>, qualifi\u00e9s directement pour les PQ3 apr\u00e8s avoir fini respectivement 119e et 140e de la Race to Duba\u00ef, ainsi que <strong>Julien Sale<\/strong>, 40e de la <strong>Road to Mallorca<\/strong>. <a href=\"https:\/\/www.golfplanete.com\/actualites\/sept-francais-se-qualifient-pour-la-finale-des-cartes-europeennes-a-tarragone\/\" target=\"_blank\" rel=\"noopener nofollow\">Sept autres golfeurs avaient valid\u00e9 leur billet via les PQ2 des Cartes europ\u00e9ennes<\/a> disput\u00e9es la semaine pass\u00e9e sur quatre sites espagnols.\u00a0<\/p>\n<p>\t\t\t\t\t<a id=\"190395\" href=\"https:\/\/moroccofairmontcup.com\/marrakech\/\" target=\"_blank\" rel=\"sponsorised nofollow noopener\"><img decoding=\"async\" src=\"data:image\/svg+xml,%3Csvg%20xmlns=\" http:=\"\" class=\"img-responsive\" alt=\"\" data-lazy-src=\"https:\/\/www.europesays.com\/fr\/wp-content\/uploads\/2025\/10\/fairmont-2025-e01-golf-cup-1170x275-1.jpg\"\/><\/a><\/p>\n<p>Photo : Octavio Passos\/Getty Images<\/p>\n<p>\t\t\t\t\t<a id=\"188677\" href=\"https:\/\/www.mazaganbeachresort.com\/fr\/golfer-getaway\" target=\"_blank\" rel=\"sponsorised nofollow noopener\"><img decoding=\"async\" src=\"data:image\/svg+xml,%3Csvg%20xmlns=\" http:=\"\" class=\"img-responsive\" alt=\"\" data-lazy-src=\"https:\/\/www.europesays.com\/fr\/wp-content\/uploads\/2025\/10\/mazagan-e01-evasion-golfique-1170x275-1.jpeg\"\/><\/a>\t\t\t\t<\/p>\n","protected":false},"excerpt":{"rendered":"Partager cet article Partager la publication \u00ab\u00a0Romain Wattel, jusqu\u2019alors 5e r\u00e9serve, s\u2019invite aux PQ3 des Cartes europ\u00e9ennes\u00a0\u00bb Battu&hellip;\n","protected":false},"author":2,"featured_media":16876,"comment_status":"","ping_status":"","sticky":false,"template":"","format":"standard","meta":{"footnotes":""},"categories":[1418],"tags":[1011,27,1472,60],"class_list":{"0":"post-512260","1":"post","2":"type-post","3":"status-publish","4":"format-standard","5":"has-post-thumbnail","7":"category-golf","8":"tag-fr","9":"tag-france","10":"tag-golf","11":"tag-sports"},"share_on_mastodon":{"url":"https:\/\/pubeurope.com\/@fr\/115494090435642337","error":""},"_links":{"self":[{"href":"https:\/\/www.europesays.com\/fr\/wp-json\/wp\/v2\/posts\/512260","targetHints":{"allow":["GET"]}}],"collection":[{"href":"https:\/\/www.europesays.com\/fr\/wp-json\/wp\/v2\/posts"}],"about":[{"href":"https:\/\/www.europesays.com\/fr\/wp-json\/wp\/v2\/types\/post"}],"author":[{"embeddable":true,"href":"https:\/\/www.europesays.com\/fr\/wp-json\/wp\/v2\/users\/2"}],"replies":[{"embeddable":true,"href":"https:\/\/www.europesays.com\/fr\/wp-json\/wp\/v2\/comments?post=512260"}],"version-history":[{"count":0,"href":"https:\/\/www.europesays.com\/fr\/wp-json\/wp\/v2\/posts\/512260\/revisions"}],"wp:featuredmedia":[{"embeddable":true,"href":"https:\/\/www.europesays.com\/fr\/wp-json\/wp\/v2\/media\/16876"}],"wp:attachment":[{"href":"https:\/\/www.europesays.com\/fr\/wp-json\/wp\/v2\/media?parent=512260"}],"wp:term":[{"taxonomy":"category","embeddable":true,"href":"https:\/\/www.europesays.com\/fr\/wp-json\/wp\/v2\/categories?post=512260"},{"taxonomy":"post_tag","embeddable":true,"href":"https:\/\/www.europesays.com\/fr\/wp-json\/wp\/v2\/tags?post=512260"}],"curies":[{"name":"wp","href":"https:\/\/api.w.org\/{rel}","templated":true}]}}