{"id":512263,"date":"2025-11-04T23:47:21","date_gmt":"2025-11-04T23:47:21","guid":{"rendered":"https:\/\/www.europesays.com\/fr\/512263\/"},"modified":"2025-11-04T23:47:21","modified_gmt":"2025-11-04T23:47:21","slug":"atp-athenes-djokovic-reussit-ses-debuts-a-domicile-mais-reste-incertain-pour-le-masters-sports","status":"publish","type":"post","link":"https:\/\/www.europesays.com\/fr\/512263\/","title":{"rendered":"ATP &#8211; Ath\u00e8nes : Djokovic r\u00e9ussit ses d\u00e9buts \u00ab \u00e0 domicile \u00bb, mais reste incertain pour le Masters : Sports"},"content":{"rendered":"<p class=\"date\">\n                                                            Aur\u00e9lie Sacchelli, Media365, publi\u00e9 le mardi 04 novembre 2025 \u00e0 21h11\n                                                    <\/p>\n<p>R\u00e9sident grec depuis quelques semaines, Novak Djokovic a remport\u00e9 son premier match au tournoi ATP 250 d&rsquo;Ath\u00e8nes, face \u00e0 Alejandro Tabilo, qui avait pourtant remport\u00e9 leurs deux premi\u00e8res confrontations. Le Serbe n&rsquo;est toutefois pas certain de disputer le Masters de Turin la semaine prochaine.<\/p>\n<p>\u00ab\u00a0Kalispera Ellada !\u00a0\u00bb (\u00ab\u00a0bonsoir la Gr\u00e8ce !\u00a0\u00bb). En deux mots, Novak Djokovic s&rsquo;est mis le public grec dans la poche. <a href=\"https:\/\/sports.orange.fr\/tennis\/atp\/article\/atp-djokovic-s-installe-en-grece-CNT000002kB20m.html\" rel=\"nofollow noopener\" target=\"_blank\">Depuis quelques mois, le Serbe de 38 ans a \u00e9lu domicile en Gr\u00e8ce<\/a>, et il disputait ce mardi son tout premier match dans son nouveau pays, \u00e0 l&rsquo;occasion de l&rsquo;ATP 250 d&rsquo;Ath\u00e8nes, qui a d\u00e9m\u00e9nag\u00e9 cette ann\u00e9e alors qu&rsquo;il se d\u00e9roulait auparavant \u00e0 Belgrade, et qui est organis\u00e9 par son fr\u00e8re. Le n\u00b05 mondial tente de retrouver des sensations \u00e0 l&rsquo;occasion de ce tournoi grec, lui qui n&rsquo;avait plus jou\u00e9 en comp\u00e9tition depuis sa d\u00e9faite en demi-finale \u00e0 Shanghai contre Valentin Vacherot le 11 octobre. Et le tirage au sort ne lui avait pas \u00e9t\u00e9 favorable,<strong> en lui offrant pour son entr\u00e9e en lice Alejandro Tabilo, l&rsquo;un des trois joueurs de l&rsquo;histoire (avec Marat Safin et Jiri Vesely) \u00e0 n&rsquo;avoir pas perdu contre le Serbe en l&rsquo;ayant affront\u00e9 au moins deux fois.<\/strong><\/p>\n<p>Djokovic impeccable au service<\/p>\n<p>Mais Novak Djokovic n&rsquo;est pas tomb\u00e9 dans le pi\u00e8ge, et apr\u00e8s avoir perdu deux fois sur terre battu contre le Chilien (89e mondial), il l&rsquo;a battu sur le score de 7-6, 6-1 en 1h40 dans la salle d&rsquo;Ath\u00e8nes, o\u00f9 le public n&rsquo;avait d&rsquo;yeux que pour lui. Le Serbe a livr\u00e9 un match solide pour son retour \u00e0 la comp\u00e9tition, servant notamment 13 aces et sauvant la seule balle de break que s&rsquo;est procur\u00e9 son adversaire. <strong>Dans le premier set, les deux joueurs ont ais\u00e9ment remport\u00e9 leur mise en jeu (sauf dans le tout premier jeu, o\u00f9 Tabilo a d\u00fb sauver deux balles de break) et se sont d\u00e9partag\u00e9s au jeu d\u00e9cisif, que Djokovic a remport\u00e9 7-3 apr\u00e8s avoir men\u00e9 de bout en bout.<\/strong><\/p>\n<p>Djokovic ravi de l&rsquo;accueil des Grecs<\/p>\n<p>Dans la deuxi\u00e8me manche, le Serbe a sauv\u00e9 une balle de break dans le premier jeu, puis il a ensuite d\u00e9roul\u00e9 son tennis. Tabilo avait visiblement tout donn\u00e9 dans la premi\u00e8re manche,\u00a0 et a perdu son service \u00e0 2-1 sur un jeu blanc, puis \u00e0 4-1. Novak Djokovic, qui a parfois d\u00fb reprendre son souffle, a boucl\u00e9 cette rencontre sur sa deuxi\u00e8me balle de match. Le voici en huiti\u00e8mes de finale et assur\u00e9 de redevenir n\u00b04 mondial avant le Masters. \u00ab Je travaille encore mon grec. <strong>Je me sens comme \u00e0 la maison de jouer \u00e0 Ath\u00e8nes. J&rsquo;ai toujours aim\u00e9 la Gr\u00e8ce, et j&rsquo;\u00e9tais excit\u00e9 quand je suis arriv\u00e9 ici avec ma famille il y a quelques mois.<\/strong> Beaucoup de Serbes aiment la Gr\u00e8ce, nous avons beaucoup de choses en commun, historiquement et culturellement. Les gens sont vraiment tr\u00e8s aimables \u00bb, a-t-il r\u00e9agi apr\u00e8s la rencontre. Prochain adversaire : le Portugais Nuno Borges (47e), vainqueur 5-7, 6-3, 6-4 en 2h07 d&rsquo;Eliot Spizziri. En conf\u00e9rence de presse, le Serbe a fait savoir que, contrairement \u00e0 ce qu&rsquo;avait assur\u00e9 le pr\u00e9sident de la F\u00e9d\u00e9ration italienne de tennis lundi, il n&rsquo;\u00e9tait pas s\u00fbr de disputer le Masters de Turin. Il prendra une d\u00e9cision \u00e0 la fin de ce tournoi d&rsquo;Ath\u00e8nes.<\/p>\n","protected":false},"excerpt":{"rendered":"Aur\u00e9lie Sacchelli, Media365, publi\u00e9 le mardi 04 novembre 2025 \u00e0 21h11 R\u00e9sident grec depuis quelques semaines, Novak Djokovic&hellip;\n","protected":false},"author":2,"featured_media":512264,"comment_status":"","ping_status":"","sticky":false,"template":"","format":"standard","meta":{"footnotes":""},"categories":[1415],"tags":[1011,27,60,1467],"class_list":{"0":"post-512263","1":"post","2":"type-post","3":"status-publish","4":"format-standard","5":"has-post-thumbnail","7":"category-tennis","8":"tag-fr","9":"tag-france","10":"tag-sports","11":"tag-tennis"},"share_on_mastodon":{"url":"https:\/\/pubeurope.com\/@fr\/115494102160179315","error":""},"_links":{"self":[{"href":"https:\/\/www.europesays.com\/fr\/wp-json\/wp\/v2\/posts\/512263","targetHints":{"allow":["GET"]}}],"collection":[{"href":"https:\/\/www.europesays.com\/fr\/wp-json\/wp\/v2\/posts"}],"about":[{"href":"https:\/\/www.europesays.com\/fr\/wp-json\/wp\/v2\/types\/post"}],"author":[{"embeddable":true,"href":"https:\/\/www.europesays.com\/fr\/wp-json\/wp\/v2\/users\/2"}],"replies":[{"embeddable":true,"href":"https:\/\/www.europesays.com\/fr\/wp-json\/wp\/v2\/comments?post=512263"}],"version-history":[{"count":0,"href":"https:\/\/www.europesays.com\/fr\/wp-json\/wp\/v2\/posts\/512263\/revisions"}],"wp:featuredmedia":[{"embeddable":true,"href":"https:\/\/www.europesays.com\/fr\/wp-json\/wp\/v2\/media\/512264"}],"wp:attachment":[{"href":"https:\/\/www.europesays.com\/fr\/wp-json\/wp\/v2\/media?parent=512263"}],"wp:term":[{"taxonomy":"category","embeddable":true,"href":"https:\/\/www.europesays.com\/fr\/wp-json\/wp\/v2\/categories?post=512263"},{"taxonomy":"post_tag","embeddable":true,"href":"https:\/\/www.europesays.com\/fr\/wp-json\/wp\/v2\/tags?post=512263"}],"curies":[{"name":"wp","href":"https:\/\/api.w.org\/{rel}","templated":true}]}}