{"id":512269,"date":"2025-11-04T23:53:10","date_gmt":"2025-11-04T23:53:10","guid":{"rendered":"https:\/\/www.europesays.com\/fr\/512269\/"},"modified":"2025-11-04T23:53:10","modified_gmt":"2025-11-04T23:53:10","slug":"cyril-hanouna-incapable-de-controler-son-antenne-lanimateur-p","status":"publish","type":"post","link":"https:\/\/www.europesays.com\/fr\/512269\/","title":{"rendered":"Cyril Hanouna incapable de \u201ccontr\u00f4ler son antenne\u201d, l\u2019animateur p &#8230;"},"content":{"rendered":"<p>EN BREF<\/p>\n<ul class=\"bloc_resume_post_list\">\n<li>Le 3 novembre, sur le plateau de Tout Beau Tout N9uf,<br \/>\nCyril Hanouna a tent\u00e9 de g\u00e9rer un d\u00e9bat houleux entre Matthieu<br \/>\nDelormeau et G\u00e9raldine Maillet.<\/li>\n<li>Matthieu Delormeau a critiqu\u00e9 G\u00e9raldine Maillet sur la<br \/>\npr\u00e9sence des anciens de Star Academy aux NRJ Music Awards,<br \/>\nd\u00e9clenchant une vive altercation.<\/li>\n<li>Les tensions ont culmin\u00e9 en un fou rire g\u00e9n\u00e9ral, laissant<br \/>\nCyril Hanouna sans contr\u00f4le sur l\u00a0\u00bb\u00e9mission, r\u00e9v\u00e9lant une dynamique<br \/>\nimpr\u00e9visible sur le plateau.<\/li>\n<\/ul>\n<p>Rien ne s\u2019est pass\u00e9 comme pr\u00e9vu sur le plateau de Tout Beau<br \/>\nTout N9uf, mardi 3 novembre. Alors qu\u2019un d\u00e9bat sur la Star<br \/>\nAcademy battait son plein, Cyril Hanouna s\u2019est retrouv\u00e9<br \/>\nincapable de calmer ses chroniqueurs. Un \u00e9change tendu entre<br \/>\nMatthieu Delormeau et G\u00e9raldine Maillet a vite d\u00e9g\u00e9n\u00e9r\u00e9.<\/p>\n<p>Tout a commenc\u00e9 quand Matthieu Delormeau a tacl\u00e9 G\u00e9raldine<br \/>\nMaillet apr\u00e8s une remarque sur les anciens \u00e9l\u00e8ves de la Star<br \/>\nAcademy, qui \u00e9taient un peu trop pr\u00e9sents aux NRJ Music<br \/>\nAwards. \u201cTu d\u00e9couvres la t\u00e9l\u00e9 ?\u201d, lui a-t-il lanc\u00e9.<br \/>\nL\u2019ambiance s\u2019est vite tendue, chacun campant sur ses positions.<br \/>\nCyril Hanouna, hilare, a tent\u00e9 de garder la main, en vain.<\/p>\n<p>Une pique qui fait d\u00e9railler le plateau<\/p>\n<p>Le ton est mont\u00e9 lorsque Cyril a voulu apaiser les choses.<br \/>\n\u201c\u00c9coutez le professionnel\u201d, a-t-il dit \u00e0 propos de<br \/>\nMatthieu, avant que G\u00e9raldine ne r\u00e9plique, moqueuse : \u201cC\u2019est<br \/>\nWoof.\u201d <a href=\"https:\/\/www.telestar.fr\/actu-tv\/tpmp\/tpmp-matthieu-delormeau-de-retour-a-l-animation-avec-wouaf-wouaf-woof-woof-sur-c8-il-hesite-667110\" target=\"_blank\" rel=\"noopener\"><br \/>\nUne r\u00e9f\u00e9rence \u00e0 une ancienne \u00e9mission de l\u2019animateur.<\/a> Le<br \/>\nplateau a \u00e9clat\u00e9 de rire, sauf Matthieu. L\u2019ex-chroniqueur de<br \/>\nTPMP a alors interpell\u00e9 Cyril : \u201cR\u00e9agit !\u201d,<br \/>\nvisiblement vex\u00e9.<\/p>\n<p>Cyril a tent\u00e9 de temporiser : \u201cJe me d\u00e9solidarise de cette<br \/>\nphrase !\u201d Mais Matthieu, piqu\u00e9 au vif, a repris la parole :<br \/>\n\u201cJe suis l\u2019un des seuls animateurs star en France \u00e0 ne jamais<br \/>\navoir eu une seule \u00e9mission d\u00e9programm\u00e9e.\u201d Une chroniqueuse a<br \/>\nri, il lui a lanc\u00e9 : \u201c\u00c7a te fait rire, toi ?\u201d avant de<br \/>\nreprendre, visiblement contrari\u00e9.<\/p>\n<p>Le fou rire g\u00e9n\u00e9ral\u2026 puis la<br \/>\nr\u00e9conciliation<\/p>\n<p>La tension a culmin\u00e9 quand G\u00e9raldine a l\u00e2ch\u00e9 : \u201cOui, et puis<br \/>\nles chiens aussi.\u201d quand Cyril lui a expliqu\u00e9 que Matthieu<br \/>\nconnaissait tr\u00e8s bien la t\u00e9l\u00e9. Cyril a tent\u00e9 de calmer le jeu :<br \/>\n\u201cCalmez-vous.\u201d Mais Matthieu, ironique, a r\u00e9pondu :<br \/>\n\u201c\u2018Calmez-vous !\u2019 C\u2019est ta meilleure, euh\u2026\u201d avant<br \/>\nd\u2019exploser en lan\u00e7ant un \u201cconnasse !\u201d moqueur. Le plateau<br \/>\na alors bascul\u00e9 dans le fou rire.<\/p>\n<p>Cyril, hilare, a essay\u00e9 de reprendre le contr\u00f4le, sans succ\u00e8s.<br \/>\nMatthieu, amus\u00e9 \u00e0 son tour, a lanc\u00e9 : \u201cReste calme, je pratique<br \/>\nles arts martiaux.\u201d La s\u00e9quence s\u2019est termin\u00e9e dans la bonne<br \/>\nhumeur. Cyril Hanouna a cependant sembl\u00e9 incapable de contr\u00f4ler son<br \/>\nantenne.<\/p>\n<p>Il a peu de temps, l\u2019\u00e9mission avait \u00e9galement bascul\u00e9 <a href=\"https:\/\/www.telestar.fr\/actu_tv\/tbt9-pierre-jean-chalencon-derape-sur-le-plateau-avec-une-remarque-raciste-larcom-saisie-1743928\" target=\"_blank\" rel=\"noopener\"><br \/>\n\u00e0 cause de Pierre-Jean Chalen\u00e7on.<\/a> Le jeudi 30 octobre 2025,<br \/>\nCyril Hanouna avait re\u00e7u le collectionneur sur le plateau de<br \/>\nTout Beau Tout N9uf pour d\u00e9battre du cambriolage du<br \/>\nLouvre. Au cours de l\u2019\u00e9change, Pierre-Jean Chalen\u00e7on s\u2019est emport\u00e9<br \/>\ncontre la ministre de la Culture, Rachida Dati. L\u2019ancien acheteur<br \/>\nd\u2019Affaire conclue l\u2019a alors qualifi\u00e9e de <a href=\"https:\/\/www.telestar.fr\/actu_tv\/tbt9-pierre-jean-chalencon-derape-sur-le-plateau-avec-une-remarque-raciste-larcom-saisie-1743928\" target=\"_blank\" rel=\"noopener\"><br \/>\n\u201creine du couscous\u201d,<\/a> une remarque jug\u00e9e raciste qui a provoqu\u00e9<br \/>\nla col\u00e8re des chroniqueurs.\u00a0<\/p>\n","protected":false},"excerpt":{"rendered":"EN BREF Le 3 novembre, sur le plateau de Tout Beau Tout N9uf, Cyril Hanouna a tent\u00e9 de&hellip;\n","protected":false},"author":2,"featured_media":512270,"comment_status":"","ping_status":"","sticky":false,"template":"","format":"standard","meta":{"footnotes":""},"categories":[1359],"tags":[548,1083,58,59,1011,27,1474,7830,973],"class_list":{"0":"post-512269","1":"post","2":"type-post","3":"status-publish","4":"format-standard","5":"has-post-thumbnail","7":"category-people","8":"tag-article-simple","9":"tag-cyril-hanouna","10":"tag-divertissement","11":"tag-entertainment","12":"tag-fr","13":"tag-france","14":"tag-geraldine-maillet","15":"tag-matthieu-delormeau","16":"tag-people"},"share_on_mastodon":{"url":"https:\/\/pubeurope.com\/@fr\/115494125775842726","error":""},"_links":{"self":[{"href":"https:\/\/www.europesays.com\/fr\/wp-json\/wp\/v2\/posts\/512269","targetHints":{"allow":["GET"]}}],"collection":[{"href":"https:\/\/www.europesays.com\/fr\/wp-json\/wp\/v2\/posts"}],"about":[{"href":"https:\/\/www.europesays.com\/fr\/wp-json\/wp\/v2\/types\/post"}],"author":[{"embeddable":true,"href":"https:\/\/www.europesays.com\/fr\/wp-json\/wp\/v2\/users\/2"}],"replies":[{"embeddable":true,"href":"https:\/\/www.europesays.com\/fr\/wp-json\/wp\/v2\/comments?post=512269"}],"version-history":[{"count":0,"href":"https:\/\/www.europesays.com\/fr\/wp-json\/wp\/v2\/posts\/512269\/revisions"}],"wp:featuredmedia":[{"embeddable":true,"href":"https:\/\/www.europesays.com\/fr\/wp-json\/wp\/v2\/media\/512270"}],"wp:attachment":[{"href":"https:\/\/www.europesays.com\/fr\/wp-json\/wp\/v2\/media?parent=512269"}],"wp:term":[{"taxonomy":"category","embeddable":true,"href":"https:\/\/www.europesays.com\/fr\/wp-json\/wp\/v2\/categories?post=512269"},{"taxonomy":"post_tag","embeddable":true,"href":"https:\/\/www.europesays.com\/fr\/wp-json\/wp\/v2\/tags?post=512269"}],"curies":[{"name":"wp","href":"https:\/\/api.w.org\/{rel}","templated":true}]}}