{"id":512271,"date":"2025-11-04T23:54:12","date_gmt":"2025-11-04T23:54:12","guid":{"rendered":"https:\/\/www.europesays.com\/fr\/512271\/"},"modified":"2025-11-04T23:54:12","modified_gmt":"2025-11-04T23:54:12","slug":"une-sculpture-de-trump-sangle-sur-une-croix-exposee-en-suisse","status":"publish","type":"post","link":"https:\/\/www.europesays.com\/fr\/512271\/","title":{"rendered":"Une sculpture de Trump sangl\u00e9 sur une croix expos\u00e9e en Suisse"},"content":{"rendered":"<p class=\"mb-4 text-lg md:leading-8 break-words\">Donald Trump en combinaison orange de prisonnier attach\u00e9 \u00e0 une croix par des sangles de contention: une sculpture provocante de l&rsquo;artiste britannique Mason Storm est expos\u00e9e depuis quelques jours en Suisse sans particuli\u00e8rement \u00e9mouvoir.<\/p>\n<p class=\"mb-4 text-lg md:leading-8 break-words\">La sculpture de r\u00e9sine intitul\u00e9e \u00ab\u00a0Saint or Sinner\u00a0\u00bb (\u00ab\u00a0Saint ou p\u00e9cheur\u00a0\u00bb) repr\u00e9sente le pr\u00e9sident am\u00e9ricain en tenue de prisonnier et les yeux clos. Son corps est immobilis\u00e9 sur une croix blanche matelass\u00e9e l\u00e9g\u00e8rement inclin\u00e9e.<\/p>\n<p class=\"mb-4 text-lg md:leading-8 break-words\">L&rsquo;oeuvre, expos\u00e9e depuis samedi \u00e0 B\u00e2le (nord) apr\u00e8s un passage cette ann\u00e9e \u00e0 Vienne, en Autriche, peut \u00e9voquer une sc\u00e8ne de crucifixion comme celle d&rsquo;une ex\u00e9cution par injection l\u00e9tale.<\/p>\n<p class=\"mb-4 text-lg md:leading-8 break-words\">\u00ab\u00a0C&rsquo;est d&rsquo;un r\u00e9alisme effrayant. Je peux l&rsquo;affirmer sans h\u00e9siter, car lors de l&rsquo;installation, nous \u00e9tions vraiment au plus pr\u00e8s du r\u00e9sultat. On voit chaque ride, la peau est tellement r\u00e9aliste, c&rsquo;est vraiment troublant\u00a0\u00bb, sourit Konrad Breznik, propri\u00e9taire de la galerie Gleis 4.<\/p>\n<p class=\"mb-4 text-lg md:leading-8 break-words\">Initialement, cette galerie bas\u00e9e \u00e0 Zoug, dans le centre de la Suisse, souhaitait exposer l\u2019\u0153uvre dans ses locaux de la gare de B\u00e2le (nord). Mais elle y a finalement renonc\u00e9 pour occuper l&rsquo;espace moins fr\u00e9quent\u00e9 d&rsquo;une vitrine du Basler Kunstmeile, un espace d&rsquo;exposition le long d&rsquo;un passage pi\u00e9ton du centre-ville.<\/p>\n<p class=\"mb-4 text-lg md:leading-8 break-words\">Les compteurs install\u00e9s sur place ont pourtant relev\u00e9 plus de 3.000 passages lundi. A la vue de l&rsquo;oeuvre, beaucoup de passants sourient, mais personne ne s&rsquo;indigne vraiment dans la ville d'\u00a0\u00bbArt Basel\u00a0\u00bb, la foire de l&rsquo;art contemporain mondialement r\u00e9put\u00e9e.<\/p>\n<p class=\"mb-4 text-lg md:leading-8 break-words\">\u00ab\u00a0Le fait que nous puissions montrer ces choses de ce genre illustre le fait que nous sommes en d\u00e9mocratie\u00a0\u00bb, salue parmi eux Marit, une Norv\u00e9gienne vivant \u00e0 B\u00e2le. Selon elle, une telle oeuvre ne pourrait \u00eatre ainsi expos\u00e9e \u00e0 tous les regards aux Etats-Unis.<\/p>\n<p class=\"mb-4 text-lg md:leading-8 break-words\">M. Breznik pense, lui, que le pr\u00e9sident am\u00e9ricain appr\u00e9cierait l&rsquo;oeuvre. \u00ab\u00a0Je pense sinc\u00e8rement que M. Trump pourrait tr\u00e8s bien se voir dans le r\u00f4le d&rsquo;un J\u00e9sus moderne (&#8230;) Et je suis presque certain qu&rsquo;il est lui-m\u00eame convaincu d&rsquo;agir dans le bon sens\u00a0\u00bb.<\/p>\n<p class=\"mb-4 text-lg md:leading-8 break-words\">Le Londonien Mason Storm, artiste connu pour ses sculptures et toiles aussi r\u00e9alistes que d\u00e9cal\u00e9es \u00e0 tendance street art, maintient son anonymat en dissimulant son visage derri\u00e8re des cagoules ou masques de sa cr\u00e9ation.\u00a0Son travail est souvent associ\u00e9 \u00e0 celui de son c\u00e9l\u00e8bre compatriote Banksy.<\/p>\n<p class=\"mb-4 text-lg md:leading-8 break-words\">Sur son site Instagram, il se d\u00e9crit comme \u00ab\u00a0l&rsquo;artiste que l&rsquo;on adore adorer et d\u00e9tester, bon vivant international, promoteur de pigments et homme d&rsquo;action.\u00a0\u00bb<\/p>\n<p class=\"mb-4 text-lg md:leading-8 break-words\">Bien avant son s\u00e9jour b\u00e2lois, l&rsquo;oeuvre a \u00e9t\u00e9 acquise par un collectionneur,\u00a0une \u00ab\u00a0personnalit\u00e9 internationalement connue qui vit en Europe\u00a0\u00bb mais dont le nom sera tenu secret.<\/p>\n<p class=\"mb-4 text-lg md:leading-8 break-words\">elm-ag\/apo\/am<\/p>\n","protected":false},"excerpt":{"rendered":"Donald Trump en combinaison orange de prisonnier attach\u00e9 \u00e0 une croix par des sangles de contention: une sculpture&hellip;\n","protected":false},"author":2,"featured_media":512272,"comment_status":"","ping_status":"","sticky":false,"template":"","format":"standard","meta":{"footnotes":""},"categories":[1358],"tags":[1348,1384,1385,7447,1386,58,75,59,1011,27,63310,7274,63311,3899],"class_list":{"0":"post-512271","1":"post","2":"type-post","3":"status-publish","4":"format-standard","5":"has-post-thumbnail","7":"category-arts-et-design","8":"tag-arts","9":"tag-arts-and-design","10":"tag-arts-et-design","11":"tag-bale","12":"tag-design","13":"tag-divertissement","14":"tag-donald-trump","15":"tag-entertainment","16":"tag-fr","17":"tag-france","18":"tag-mason-storm","19":"tag-president-americain","20":"tag-saint-or-sinner","21":"tag-sculpture"},"share_on_mastodon":{"url":"https:\/\/pubeurope.com\/@fr\/115494129716739160","error":""},"_links":{"self":[{"href":"https:\/\/www.europesays.com\/fr\/wp-json\/wp\/v2\/posts\/512271","targetHints":{"allow":["GET"]}}],"collection":[{"href":"https:\/\/www.europesays.com\/fr\/wp-json\/wp\/v2\/posts"}],"about":[{"href":"https:\/\/www.europesays.com\/fr\/wp-json\/wp\/v2\/types\/post"}],"author":[{"embeddable":true,"href":"https:\/\/www.europesays.com\/fr\/wp-json\/wp\/v2\/users\/2"}],"replies":[{"embeddable":true,"href":"https:\/\/www.europesays.com\/fr\/wp-json\/wp\/v2\/comments?post=512271"}],"version-history":[{"count":0,"href":"https:\/\/www.europesays.com\/fr\/wp-json\/wp\/v2\/posts\/512271\/revisions"}],"wp:featuredmedia":[{"embeddable":true,"href":"https:\/\/www.europesays.com\/fr\/wp-json\/wp\/v2\/media\/512272"}],"wp:attachment":[{"href":"https:\/\/www.europesays.com\/fr\/wp-json\/wp\/v2\/media?parent=512271"}],"wp:term":[{"taxonomy":"category","embeddable":true,"href":"https:\/\/www.europesays.com\/fr\/wp-json\/wp\/v2\/categories?post=512271"},{"taxonomy":"post_tag","embeddable":true,"href":"https:\/\/www.europesays.com\/fr\/wp-json\/wp\/v2\/tags?post=512271"}],"curies":[{"name":"wp","href":"https:\/\/api.w.org\/{rel}","templated":true}]}}