{"id":512284,"date":"2025-11-05T00:02:16","date_gmt":"2025-11-05T00:02:16","guid":{"rendered":"https:\/\/www.europesays.com\/fr\/512284\/"},"modified":"2025-11-05T00:02:16","modified_gmt":"2025-11-05T00:02:16","slug":"le-dma-pousse-trop-loin-apple-casse-tout","status":"publish","type":"post","link":"https:\/\/www.europesays.com\/fr\/512284\/","title":{"rendered":"le DMA pousse trop loin, Apple casse tout"},"content":{"rendered":"<p>Apple d\u00e9sactive une fonction plut\u00f4t que de se conformer au DMA.<\/p>\n<p><a target=\"_blank\" href=\"https:\/\/images.frandroid.com\/wp-content\/uploads\/2025\/09\/apple-watch-series-11-20.jpg\" class=\"article-content__figure\" rel=\"noopener\"><img fetchpriority=\"high\" decoding=\"async\" loading=\"eager\" width=\"1200\" height=\"800\" src=\"https:\/\/www.europesays.com\/fr\/wp-content\/uploads\/2025\/11\/apple-watch-series-11-20.jpg\" alt=\"L'Apple Watch Series 11\" class=\"wp-image-2813565 wp-image wp-image\"  \/><\/a>L\u2019Apple Watch Series 11 \/\/ Source : Chlo\u00e9 Pertuis \u2013 Frandroid<\/p>\n<p>Comme l\u2019explique <a target=\"_blank\" href=\"https:\/\/www.numerama.com\/tech\/2110247-lapple-watch-et-liphone-vont-perdre-une-fonction-en-europe-pour-la-premiere-fois-annonce-apple.html\" rel=\"noopener\">Numerama<\/a>, pour la premi\u00e8re fois depuis l\u2019entr\u00e9e en vigueur du <a href=\"https:\/\/www.frandroid.com\/culture-tech\/politique\/1617637_comment-lue-veut-mettre-fin-aux-abus-des-geants-dinternet-les-gamam#:~:text=Le%20DMA%20pr%C3%A9voit%20des%20amendes,20%20%25%20en%20cas%20de%20r%C3%A9cidive.\" target=\"_blank\" rel=\"noopener\">DMA<\/a>, la firme de Cupertino ne contourne pas une r\u00e8gle europ\u00e9enne : elle d\u00e9sactive carr\u00e9ment une fonction pour tout le monde. <\/p>\n<p class=\"shortcode-container see-more\">\n    Pour aller plus loin<br \/><a href=\"https:\/\/www.frandroid.com\/culture-tech\/politique\/1617637_comment-lue-veut-mettre-fin-aux-abus-des-geants-dinternet-les-gamam\" target=\"_blank\" rel=\"noopener\">Tout savoir sur le Digital Markets Act (DMA)<\/a>\n            <\/p>\n<p>Concr\u00e8tement ? La synchronisation automatique des r\u00e9seaux Wi-Fi entre votre iPhone et votre <a href=\"https:\/\/www.frandroid.com\/guide-dachat\/1674555_apple-watch-les-meilleures-montres-connectees-dapple-en-2023\" target=\"_blank\" rel=\"noopener\">Apple Watch<\/a> dispara\u00eetra en d\u00e9cembre pour les utilisateurs europ\u00e9ens. <\/p>\n<p>La raison invoqu\u00e9e ? Prot\u00e9ger votre vie priv\u00e9e face aux exigences \u00ab\u00a0dangereuses\u00a0\u00bb de Bruxelles. Le message est clair : si Apple ne peut pas jouer seul, personne ne joue.<\/p>\n<p class=\"shortcode-container see-more\">\n    Pour aller plus loin<br \/><a href=\"https:\/\/www.frandroid.com\/guide-dachat\/1674555_apple-watch-les-meilleures-montres-connectees-dapple-en-2023\" target=\"_blank\" rel=\"noopener\">Apple Watch Series 10, SE, Ultra 2\u2026 quel mod\u00e8le d\u2019Apple Watch choisir en 2025 ?<\/a>\n            <\/p>\n<p>Ce qui dispara\u00eet (et ce que \u00e7a change vraiment)<\/p>\n<p>Aujourd\u2019hui, votre Apple Watch conna\u00eet automatiquement tous les r\u00e9seaux Wi-Fi enregistr\u00e9s sur votre iPhone. Pratique quand vous laissez votre t\u00e9l\u00e9phone au bureau et partez avec votre montre, elle se connecte toute seule au Wi-Fi de la caf\u00e9t\u00e9ria. <strong>Z\u00e9ro manipulation, z\u00e9ro mot de passe \u00e0 ressaisir.<\/strong><\/p>\n<p>Avec iOS 26.4 et watchOS 26.4, cette magie dispara\u00eet en Europe. Votre Apple Watch devra se connecter manuellement \u00e0 chaque r\u00e9seau Wi-Fi, probablement en saisissant le mot de passe \u00e0 chaque fois. C\u2019est dommage ? Oui. C\u2019est dramatique ? Non.<\/p>\n<p><strong>Dans les faits, l\u2019impact reste limit\u00e9 pour la majorit\u00e9 des utilisateurs.<\/strong> Tant que votre iPhone est \u00e0 proximit\u00e9 (via Bluetooth), la Watch fonctionne normalement. Le probl\u00e8me ne se pose que quand vous partez sans votre t\u00e9l\u00e9phone. Pour les utilisateurs d\u2019Apple Watch cellulaire, qui utilisent la 4G\/5G int\u00e9gr\u00e9e, \u00e7a ne change strictement rien.<\/p>\n<p>C\u2019est symboliquement lourd.<\/p>\n<p>L\u2019argument d\u2019Apple sur la vie priv\u00e9e<\/p>\n<p>L\u00e0 o\u00f9 \u00e7a devient int\u00e9ressant, c\u2019est quand on creuse la demande europ\u00e9enne qui a provoqu\u00e9 cette r\u00e9action. <strong>La Commission europ\u00e9enne exige qu\u2019Apple ouvre le partage des informations Wi-Fi aux accessoires tiers.<\/strong> <\/p>\n<p>Par exemple, Meta et ses lunettes connect\u00e9es, <a href=\"https:\/\/www.frandroid.com\/marques\/meta\/2503477_test-des-ray-ban-meta-un-couteau-suisse-numerique-sur-le-nez\" target=\"_blank\" rel=\"noopener\">les Ray-ban connect\u00e9es<\/a> devraient pouvoir acc\u00e9der \u00e0 la m\u00eame fonction que l\u2019Apple Watch.<\/p>\n<p>Et l\u00e0, permettez-moi de dire qu\u2019Apple marque un point. <strong>Donner \u00e0 Meta (ou n\u2019importe quel fabricant tiers) l\u2019acc\u00e8s \u00e0 votre historique complet de connexions Wi-Fi, c\u2019est offrir sur un plateau d\u2019argent vos habitudes de localisation.<\/strong> <\/p>\n<p>Chaque r\u00e9seau Wi-Fi a une position GPS unique. Meta pourrait donc savoir que vous \u00e9tiez au caf\u00e9 X lundi \u00e0 14h.<\/p>\n<p><strong>C\u2019est exactement les donn\u00e9es que les GAFA r\u00eavent d\u2019exploiter.<\/strong> Apple refuse de devenir le fournisseur gratuit de donn\u00e9es de tracking pour ses concurrents. Sur le principe, c\u2019est d\u00e9fendable.<\/p>\n<p>Mais (et c\u2019est un gros mais), <strong>Apple aurait pu concevoir un syst\u00e8me avec consentement explicite, chiffrement bout-en-bout, ou partage limit\u00e9.<\/strong> Des solutions techniques existent. Apple les conna\u00eet parfaitement. Ils ont simplement choisi la facilit\u00e9 : tout casser plut\u00f4t que d\u2019investir dans une impl\u00e9mentation propre qui respecterait \u00e0 la fois le DMA et la vie priv\u00e9e.<\/p>\n<p>Le chantage aux utilisateurs europ\u00e9ens<\/p>\n<p><strong>La strat\u00e9gie d\u2019Apple ici rel\u00e8ve du chantage pur et simple.<\/strong> Le message envoy\u00e9 \u00e0 Bruxelles est limpide : \u00ab\u00a0Vous nous emb\u00eatez ? On punit vos citoyens\u00ab\u00a0. C\u2019est la tactique de l\u2019enfant qui pr\u00e9f\u00e8re casser son jouet plut\u00f4t que de le partager.<\/p>\n<p>Parce que dans les faits, <strong>rien n\u2019emp\u00eachait techniquement Apple de cr\u00e9er une API propre<\/strong> qui aurait permis aux accessoires tiers d\u2019acc\u00e9der au Wi-Fi avec le consentement explicite de l\u2019utilisateur et avec des donn\u00e9es anonymis\u00e9es. C\u2019est faisable. C\u2019est juste compliqu\u00e9 et co\u00fbteux.<\/p>\n<p>Le pr\u00e9c\u00e9dent est inqui\u00e9tant. Apple annonce explicitement que <strong>le DMA \u00ab\u00a0rend tr\u00e8s difficile\u00a0\u00bb le lancement de nouvelles fonctions en Europe.<\/strong> <\/p>\n<p>Les deux camps ont tort (et nous sommes au milieu)<\/p>\n<p><strong>Personne ne sort grandi de cette histoire.<\/strong><\/p>\n<p><strong>L\u2019Europe a raison sur le fond<\/strong> : les \u00e9cosyst\u00e8mes ferm\u00e9s d\u2019Apple \u00e9touffent la concurrence et enferment les utilisateurs. Le DMA est n\u00e9cessaire pour casser ces monopoles de fait. Mais <strong>la Commission a tort dans l\u2019ex\u00e9cution<\/strong> : exiger qu\u2019Apple partage des donn\u00e9es aussi sensibles que l\u2019historique Wi-Fi sans cadre technique pr\u00e9cis pour prot\u00e9ger la vie priv\u00e9e, c\u2019est de l\u2019amateurisme r\u00e9glementaire. O\u00f9 sont les caract\u00e9ristiques techniques ? Les audits de s\u00e9curit\u00e9 obligatoires ? Les m\u00e9canismes de consentement ?<\/p>\n<p><strong>Apple a raison sur les risques de vie priv\u00e9e<\/strong> : oui, partager l\u2019historique Wi-Fi avec une autre entreprise est objectivement un risque. Mais <strong>Apple a tort dans sa r\u00e9action<\/strong> : d\u00e9sactiver une fonction pour punir les utilisateurs plut\u00f4t que d\u2019investir dans une impl\u00e9mentation conforme et s\u00e9curis\u00e9e, c\u2019est de la mauvaise foi industrielle. Apple a les moyens techniques et financiers de cr\u00e9er une API propre. Ils ont juste choisi de ne pas le faire.<\/p>\n<p><strong>R\u00e9sultat ? Les utilisateurs europ\u00e9ens trinquent.<\/strong> On perd une fonction pratique.<\/p>\n","protected":false},"excerpt":{"rendered":"Apple d\u00e9sactive une fonction plut\u00f4t que de se conformer au DMA. L\u2019Apple Watch Series 11 \/\/ Source :&hellip;\n","protected":false},"author":2,"featured_media":512285,"comment_status":"","ping_status":"","sticky":false,"template":"","format":"standard","meta":{"footnotes":""},"categories":[7],"tags":[270,2196,4122,1011,27,43,40,41,39,42,44],"class_list":{"0":"post-512284","1":"post","2":"type-post","3":"status-publish","4":"format-standard","5":"has-post-thumbnail","7":"category-sciences-et-technologies","8":"tag-breaking","9":"tag-commission-europeenne","10":"tag-digital-markets-act-dma","11":"tag-fr","12":"tag-france","13":"tag-science","14":"tag-science-and-technology","15":"tag-sciences","16":"tag-sciences-et-technologies","17":"tag-technologies","18":"tag-technology"},"share_on_mastodon":{"url":"https:\/\/pubeurope.com\/@fr\/115494161999642586","error":""},"_links":{"self":[{"href":"https:\/\/www.europesays.com\/fr\/wp-json\/wp\/v2\/posts\/512284","targetHints":{"allow":["GET"]}}],"collection":[{"href":"https:\/\/www.europesays.com\/fr\/wp-json\/wp\/v2\/posts"}],"about":[{"href":"https:\/\/www.europesays.com\/fr\/wp-json\/wp\/v2\/types\/post"}],"author":[{"embeddable":true,"href":"https:\/\/www.europesays.com\/fr\/wp-json\/wp\/v2\/users\/2"}],"replies":[{"embeddable":true,"href":"https:\/\/www.europesays.com\/fr\/wp-json\/wp\/v2\/comments?post=512284"}],"version-history":[{"count":0,"href":"https:\/\/www.europesays.com\/fr\/wp-json\/wp\/v2\/posts\/512284\/revisions"}],"wp:featuredmedia":[{"embeddable":true,"href":"https:\/\/www.europesays.com\/fr\/wp-json\/wp\/v2\/media\/512285"}],"wp:attachment":[{"href":"https:\/\/www.europesays.com\/fr\/wp-json\/wp\/v2\/media?parent=512284"}],"wp:term":[{"taxonomy":"category","embeddable":true,"href":"https:\/\/www.europesays.com\/fr\/wp-json\/wp\/v2\/categories?post=512284"},{"taxonomy":"post_tag","embeddable":true,"href":"https:\/\/www.europesays.com\/fr\/wp-json\/wp\/v2\/tags?post=512284"}],"curies":[{"name":"wp","href":"https:\/\/api.w.org\/{rel}","templated":true}]}}