{"id":512288,"date":"2025-11-05T00:04:15","date_gmt":"2025-11-05T00:04:15","guid":{"rendered":"https:\/\/www.europesays.com\/fr\/512288\/"},"modified":"2025-11-05T00:04:15","modified_gmt":"2025-11-05T00:04:15","slug":"des-surfeurs-desempares-mais-ou-est-passee-la-celebre-vague-de-munich","status":"publish","type":"post","link":"https:\/\/www.europesays.com\/fr\/512288\/","title":{"rendered":"Des surfeurs \u00ab\u00a0d\u00e9sempar\u00e9s\u00a0\u00bb\u2026 Mais o\u00f9 est pass\u00e9e la c\u00e9l\u00e8bre vague de Munich\u00a0?"},"content":{"rendered":"<p>Connue dans le monde entier des <a href=\"https:\/\/www.20minutes.fr\/dossier\/surf\" target=\"_blank\" class=\"c-link c-link--is-underlined\" rel=\"nofollow noopener\">surfeurs<\/a> urbains, la mythique <a href=\"https:\/\/www.20minutes.fr\/dossier\/vague\" target=\"_blank\" class=\"c-link c-link--is-underlined\" rel=\"nofollow noopener\">vague<\/a> de l\u2019Eisbach, au c\u0153ur de <a href=\"https:\/\/www.20minutes.fr\/dossier\/munich\" target=\"_blank\" class=\"c-link c-link--is-underlined\" rel=\"nofollow noopener\">Munich<\/a>, en Allemagne, a disparu apr\u00e8s des travaux de nettoyage du lit de la rivi\u00e8re. Un choc pour les passionn\u00e9s qui, depuis quarante ans, d\u00e9fient chaque jour ce rouleau artificiel devenu embl\u00e9matique du surf fluvial.<\/p>\n<p>Vendredi dernier, \u00e0 la suite d\u2019op\u00e9rations destin\u00e9es \u00e0 enlever les s\u00e9diments et les d\u00e9chets accumul\u00e9s, la vague ne s\u2019est pas reform\u00e9e. \u00ab\u00a0Nous sommes d\u00e9sempar\u00e9s\u00a0\u00bb, confie le surfeur Klaus Rudolf au magazine Stern. \u00ab\u00a0Vendredi soir, je me tenais au bord de l\u2019eau avec ma planche et je n\u2019en croyais pas mes yeux.\u00a0\u00bb Le constat est amer\u00a0: l\u2019un des spots les plus photographi\u00e9s de la capitale bavaroise n\u2019offre plus qu\u2019un courant calme et silencieux.<\/p>\n<p>Des milliers de visiteurs chaque ann\u00e9e<\/p>\n<p>Alert\u00e9es par la communaut\u00e9 des surfeurs, les <a href=\"https:\/\/www.20minutes.fr\/dossier\/conseil_municipal\" target=\"_blank\" class=\"c-link c-link--is-underlined\" rel=\"nofollow noopener\">autorit\u00e9s municipales<\/a> ont assur\u00e9 vouloir agir vite. \u00ab\u00a0La municipalit\u00e9 travaille avec le service des eaux et les surfeurs pour trouver une solution rapide afin que la c\u00e9l\u00e8bre vague de surf soit bient\u00f4t \u00e0 nouveau disponible comme d\u2019habitude\u00a0\u00bb, a d\u00e9clar\u00e9 le <a href=\"https:\/\/www.20minutes.fr\/dossier\/maire\" target=\"_blank\" class=\"c-link c-link--is-underlined\" rel=\"nofollow noopener\">maire<\/a> Dieter Reiter. Des mesures de d\u00e9bit sont actuellement men\u00e9es afin de recalibrer les niveaux d\u2019eau de l\u2019Eisbach et de recr\u00e9er la fameuse vague permanente.<\/p>\n<\/p>\n<p>Situ\u00e9e \u00e0 l\u2019entr\u00e9e du vaste Englischer Garten, la vague de l\u2019Eisbach est consid\u00e9r\u00e9e par les autorit\u00e9s <a href=\"https:\/\/www.20minutes.fr\/dossier\/tourisme\" target=\"_blank\" class=\"c-link c-link--is-underlined\" rel=\"nofollow noopener\">touristiques<\/a> bavaroises comme \u00ab\u00a0la plus constante, la plus grande et la meilleure des vagues de centre-ville\u00a0\u00bb. Ce site attire chaque ann\u00e9e des milliers de visiteurs, curieux de voir \u00e9voluer les surfeurs \u00e0 quelques m\u00e8tres du trafic urbain.<\/p>\n<p>Un lieu mythique mais dangereux<\/p>\n<p>Mais ce lieu mythique reste dangereux. En avril dernier, une surfeuse allemande exp\u00e9riment\u00e9e y a trouv\u00e9 la mort apr\u00e8s s\u2019\u00eatre coinc\u00e9e sous l\u2019eau de nuit. Si l\u2019enqu\u00eate n\u2019a r\u00e9v\u00e9l\u00e9 aucune faute des autorit\u00e9s, de nouvelles r\u00e8gles ont \u00e9t\u00e9 impos\u00e9es\u00a0: interdiction de surfer entre 22\u00a0heures et 5h30, \u00e2ge minimum fix\u00e9 \u00e0 14 ans et obligation d\u2019un leash d\u00e9tachable en cas d\u2019urgence.<\/p>\n<p><a href=\"https:\/\/www.20minutes.fr\/dossier\/surf\" target=\"_blank\" class=\"c-link c-btn c-btn--primary\" rel=\"nofollow noopener\">Notre dossier sur le Surf<\/a><\/p>\n<p>En attendant, les planches restent rang\u00e9es. Les surfeurs esp\u00e8rent que la vague rena\u00eetra bient\u00f4t, fid\u00e8le \u00e0 sa l\u00e9gende et \u00e0 l\u2019esprit libre qui anime depuis quatre d\u00e9cennies ce coin unique de Munich.<\/p>\n","protected":false},"excerpt":{"rendered":"Connue dans le monde entier des surfeurs urbains, la mythique vague de l\u2019Eisbach, au c\u0153ur de Munich, en&hellip;\n","protected":false},"author":2,"featured_media":512289,"comment_status":"","ping_status":"","sticky":false,"template":"","format":"standard","meta":{"footnotes":""},"categories":[5],"tags":[47,11,672,1011,27,14,74,1897,12,517,30372,27319,28],"class_list":{"0":"post-512288","1":"post","2":"type-post","3":"status-publish","4":"format-standard","5":"has-post-thumbnail","7":"category-international","8":"tag-actualite","9":"tag-actualites","10":"tag-allemagne","11":"tag-fr","12":"tag-france","13":"tag-international","14":"tag-monde","15":"tag-munich","16":"tag-news","17":"tag-sport","18":"tag-surf","19":"tag-vague","20":"tag-world"},"share_on_mastodon":{"url":"https:\/\/pubeurope.com\/@fr\/115494169161434264","error":""},"_links":{"self":[{"href":"https:\/\/www.europesays.com\/fr\/wp-json\/wp\/v2\/posts\/512288","targetHints":{"allow":["GET"]}}],"collection":[{"href":"https:\/\/www.europesays.com\/fr\/wp-json\/wp\/v2\/posts"}],"about":[{"href":"https:\/\/www.europesays.com\/fr\/wp-json\/wp\/v2\/types\/post"}],"author":[{"embeddable":true,"href":"https:\/\/www.europesays.com\/fr\/wp-json\/wp\/v2\/users\/2"}],"replies":[{"embeddable":true,"href":"https:\/\/www.europesays.com\/fr\/wp-json\/wp\/v2\/comments?post=512288"}],"version-history":[{"count":0,"href":"https:\/\/www.europesays.com\/fr\/wp-json\/wp\/v2\/posts\/512288\/revisions"}],"wp:featuredmedia":[{"embeddable":true,"href":"https:\/\/www.europesays.com\/fr\/wp-json\/wp\/v2\/media\/512289"}],"wp:attachment":[{"href":"https:\/\/www.europesays.com\/fr\/wp-json\/wp\/v2\/media?parent=512288"}],"wp:term":[{"taxonomy":"category","embeddable":true,"href":"https:\/\/www.europesays.com\/fr\/wp-json\/wp\/v2\/categories?post=512288"},{"taxonomy":"post_tag","embeddable":true,"href":"https:\/\/www.europesays.com\/fr\/wp-json\/wp\/v2\/tags?post=512288"}],"curies":[{"name":"wp","href":"https:\/\/api.w.org\/{rel}","templated":true}]}}