{"id":512292,"date":"2025-11-05T00:06:13","date_gmt":"2025-11-05T00:06:13","guid":{"rendered":"https:\/\/www.europesays.com\/fr\/512292\/"},"modified":"2025-11-05T00:06:13","modified_gmt":"2025-11-05T00:06:13","slug":"le-tacle-abominable-de-luis-diaz-sur-achraf-hakimi-sorti-en-pleurs-c1-j4-psg-bayern","status":"publish","type":"post","link":"https:\/\/www.europesays.com\/fr\/512292\/","title":{"rendered":"Le tacle abominable de Luis D\u00edaz sur Achraf Hakimi, sorti en pleurs &#8211; C1 &#8211; J4 &#8211; PSG-Bayern"},"content":{"rendered":"<p>Un doubl\u00e9 et un geste stupide.<\/p>\n<p>Si <a target=\"_blank\" href=\"https:\/\/www.sofoot.com\/articles\/en-direct-psg-bayern-2025\" rel=\"nofollow noopener\">le PSG est men\u00e9 \u00e0 la pause du match contre le Bayern Munich en Ligue des champions<\/a>,<strong> c\u2019est en partie \u00e0 cause de Luis D\u00edaz, auteur d\u2019un doubl\u00e9 pour r\u00e9compenser la prestation collective bavaroise.<\/strong> Mais l\u2019international colombien va faire parler pour autre chose que ses buts apr\u00e8s cette rencontre.<\/p>\n<p>L\u2019arbitre avait d\u2019abord sorti un carton jaune<\/p>\n<p>Dans le temps additionnel de la premi\u00e8re p\u00e9riode, <strong>l\u2019ancien de Liverpool a p\u00e9t\u00e9 les plombs en sortant un tacle abominable le long de la ligne de touche sur Achraf Hakimi, qui s\u2019est effondr\u00e9 sur la pelouse du Parc et qui ne s\u2019est pas relev\u00e9.<\/strong><\/p>\n<p>Si l\u2019arbitre Maurizio Mariani a d\u2019abord sorti un carton jaune pour sanctionner ce tr\u00e8s vilain tacle, il a d\u00fb revoir sa copie apr\u00e8s l\u2019appel de la VAR pour d\u00e9gainer tr\u00e8s logiquement le rouge. Les Bavarois ont contest\u00e9, trop longtemps s\u00fbrement, mais pendant ce temps-l\u00e0, <strong>Hakimi sortait du terrain en pleurs et semblait gravement touch\u00e9 \u00e0 la cheville.<\/strong><\/p>\n<p>Vague de d\u00e9prime au Maroc.<\/p>\n<p>\t\t\t\t\t\t\t\t\t\t<a class=\"lien-connexe\" href=\"https:\/\/www.sofoot.com\/breves\/luis-enrique-apres-la-defaite-du-psg-en-ligue-des-champions-on-a-fait-trop-de-cadeaux\" rel=\"nofollow noopener\" target=\"_blank\">Luis Enrique : \u00ab On a fait trop de cadeaux\u202f\u00bb\u00a0<\/a>\t\t\t\t\t<\/p>\n","protected":false},"excerpt":{"rendered":"Un doubl\u00e9 et un geste stupide. Si le PSG est men\u00e9 \u00e0 la pause du match contre le&hellip;\n","protected":false},"author":2,"featured_media":512293,"comment_status":"","ping_status":"","sticky":false,"template":"","format":"standard","meta":{"footnotes":""},"categories":[2],"tags":[47,11,61,69,65,64,63,1011,27,68,66,12,62,70,67],"class_list":{"0":"post-512292","1":"post","2":"type-post","3":"status-publish","4":"format-standard","5":"has-post-thumbnail","7":"category-actualites","8":"tag-actualite","9":"tag-actualites","10":"tag-actus-football","11":"tag-bundesliga","12":"tag-championnats-europeens","13":"tag-equipe-de-france","14":"tag-football","15":"tag-fr","16":"tag-france","17":"tag-ligua","18":"tag-ligue-1","19":"tag-news","20":"tag-news-foot","21":"tag-premier-league","22":"tag-serie-a"},"share_on_mastodon":{"url":"https:\/\/pubeurope.com\/@fr\/115494177053893626","error":""},"_links":{"self":[{"href":"https:\/\/www.europesays.com\/fr\/wp-json\/wp\/v2\/posts\/512292","targetHints":{"allow":["GET"]}}],"collection":[{"href":"https:\/\/www.europesays.com\/fr\/wp-json\/wp\/v2\/posts"}],"about":[{"href":"https:\/\/www.europesays.com\/fr\/wp-json\/wp\/v2\/types\/post"}],"author":[{"embeddable":true,"href":"https:\/\/www.europesays.com\/fr\/wp-json\/wp\/v2\/users\/2"}],"replies":[{"embeddable":true,"href":"https:\/\/www.europesays.com\/fr\/wp-json\/wp\/v2\/comments?post=512292"}],"version-history":[{"count":0,"href":"https:\/\/www.europesays.com\/fr\/wp-json\/wp\/v2\/posts\/512292\/revisions"}],"wp:featuredmedia":[{"embeddable":true,"href":"https:\/\/www.europesays.com\/fr\/wp-json\/wp\/v2\/media\/512293"}],"wp:attachment":[{"href":"https:\/\/www.europesays.com\/fr\/wp-json\/wp\/v2\/media?parent=512292"}],"wp:term":[{"taxonomy":"category","embeddable":true,"href":"https:\/\/www.europesays.com\/fr\/wp-json\/wp\/v2\/categories?post=512292"},{"taxonomy":"post_tag","embeddable":true,"href":"https:\/\/www.europesays.com\/fr\/wp-json\/wp\/v2\/tags?post=512292"}],"curies":[{"name":"wp","href":"https:\/\/api.w.org\/{rel}","templated":true}]}}