{"id":512301,"date":"2025-11-05T00:11:18","date_gmt":"2025-11-05T00:11:18","guid":{"rendered":"https:\/\/www.europesays.com\/fr\/512301\/"},"modified":"2025-11-05T00:11:18","modified_gmt":"2025-11-05T00:11:18","slug":"ils-divorcent-elle-obtient-la-garde-il-devra-verser-200-e-de-pension-pour-les-chats-2","status":"publish","type":"post","link":"https:\/\/www.europesays.com\/fr\/512301\/","title":{"rendered":"Ils divorcent, elle obtient la garde\u00a0: il devra verser 200\u00a0\u20ac de pension\u2026 pour les chats"},"content":{"rendered":"<p>En Turquie, un couple en instance de divorce a trouv\u00e9 un terrain d\u2019entente pour tout\u2026 y compris pour leurs deux chats. Leurs f\u00e9lins ne manqueront de rien. Une clause du protocole est destin\u00e9e \u00e0 leur bien-\u00eatre, relate <a href=\"https:\/\/www.haberturk.com\/kedilere-nafaka-verecek-3831420?page=3\" rel=\"nofollow noopener\" target=\"_blank\">Habert\u00fcrk<\/a>.<\/p>\n<p>\u00ab\u00a0On ne peut pas parler de pension alimentaire\u00a0\u00bb<\/p>\n<p>L\u2019homme s\u2019est tout d\u2019abord engag\u00e9 \u00e0 verser \u00e0 son ex-femme une compensation financi\u00e8re de 550\u00a0000\u00a0livres turques (11\u00a0000\u00a0\u20ac). Mais ce n\u2019est pas tout. Le document mentionne \u00e9galement une clause inhabituelle\u00a0: les deux chats du couple resteront chez la femme. L\u2019ex-\u00e9poux versera 10\u00a0000\u00a0livres turques (200\u00a0\u20ac) tous les trois mois, pendant dix ans au maximum, pour couvrir les frais de soins et d\u2019entretien des animaux. Un montant qui pourra \u00eatre r\u00e9vis\u00e9 chaque ann\u00e9e en fonction de l\u2019inflation.<\/p>\n<p>Une avocate sp\u00e9cialis\u00e9e en droit de la famille a qualifi\u00e9 cet accord \u00ab\u00a0d\u2019exemplaire\u00a0\u00bb. Elle souligne qu\u2019il reconna\u00eet la prise en charge des animaux comme une responsabilit\u00e9 commune. \u00ab<strong>\u00a0On ne peut pas parler de pension alimentaire, car la loi ne la pr\u00e9voit que pour le conjoint ou les enfants\u00a0\u00bb<\/strong>, indique-t-elle. Avant de reprendre\u00a0: <strong>\u00ab\u00a0Mais ici, l\u2019homme s\u2019engage \u00e0 participer aux frais de nourriture, de soins v\u00e9t\u00e9rinaires, de vaccins ou de m\u00e9dicaments. Apr\u00e8s le d\u00e9c\u00e8s des chats, ces versements cesseront.\u00a0\u00bb<\/strong><\/p>\n<p><strong>Lire aussi<\/strong>\u00a0: <a href=\"https:\/\/rennes.maville.com\/actu\/actudet_-ce-chien-d-alerte-diabetique-a-detecte-la-glycemie-basse-d-un-enfant-depuis-le-parking-d-une-ecole-_53511-7039137_actu.Htm\" rel=\"- nofollow noopener\" target=\"_blank\">Ce chien d\u2019alerte diab\u00e9tique a d\u00e9tect\u00e9 la glyc\u00e9mie basse d\u2019un enfant depuis le parking d\u2019une \u00e9cole<\/a><\/p>\n<p>Ce cas n\u2019est pas une premi\u00e8re en Turquie.\u00a0En 2018, un autre divorce s\u2019\u00e9tait accompagn\u00e9 d\u2019un jugement accordant \u00e0 l\u2019\u00e9pouse la garde du chien, avait rapport\u00e9 <a href=\"https:\/\/www.dailysabah.com\/turkey\/2018\/10\/04\/turkish-couples-dog-granted-alimony-in-landmark-case\/amp?utm_source=chatgpt.com\" rel=\"nofollow noopener\" target=\"_blank\">Daily Sabah<\/a>. Le mari avait obtenu le droit de le voir deux week-ends par mois. Le tribunal avait aussi ordonn\u00e9 que le mari verse une pension \u00e0 l\u2019\u00e9pouse pour l\u2019entretien de l\u2019animal.<\/p>\n<p>\u00a0<\/p>\n","protected":false},"excerpt":{"rendered":"En Turquie, un couple en instance de divorce a trouv\u00e9 un terrain d\u2019entente pour tout\u2026 y compris pour&hellip;\n","protected":false},"author":2,"featured_media":506373,"comment_status":"","ping_status":"","sticky":false,"template":"","format":"standard","meta":{"footnotes":""},"categories":[9619],"tags":[10546,1111,11,17049,62801,1777,674,1011,27,8712,12,32684,24220,882,25,12326,2310,44472],"class_list":{"0":"post-512301","1":"post","2":"type-post","3":"status-publish","4":"format-standard","5":"has-post-thumbnail","7":"category-toulon","8":"tag-10546","9":"tag-actu","10":"tag-actualites","11":"tag-chats","12":"tag-divorcent","13":"tag-eu","14":"tag-europe","15":"tag-fr","16":"tag-france","17":"tag-garde","18":"tag-news","19":"tag-obtient","20":"tag-pension","21":"tag-provence-alpes-cote-dazur","22":"tag-republique-francaise","23":"tag-seyne","24":"tag-toulon","25":"tag-verser"},"share_on_mastodon":{"url":"https:\/\/pubeurope.com\/@fr\/115494196676219416","error":""},"_links":{"self":[{"href":"https:\/\/www.europesays.com\/fr\/wp-json\/wp\/v2\/posts\/512301","targetHints":{"allow":["GET"]}}],"collection":[{"href":"https:\/\/www.europesays.com\/fr\/wp-json\/wp\/v2\/posts"}],"about":[{"href":"https:\/\/www.europesays.com\/fr\/wp-json\/wp\/v2\/types\/post"}],"author":[{"embeddable":true,"href":"https:\/\/www.europesays.com\/fr\/wp-json\/wp\/v2\/users\/2"}],"replies":[{"embeddable":true,"href":"https:\/\/www.europesays.com\/fr\/wp-json\/wp\/v2\/comments?post=512301"}],"version-history":[{"count":0,"href":"https:\/\/www.europesays.com\/fr\/wp-json\/wp\/v2\/posts\/512301\/revisions"}],"wp:featuredmedia":[{"embeddable":true,"href":"https:\/\/www.europesays.com\/fr\/wp-json\/wp\/v2\/media\/506373"}],"wp:attachment":[{"href":"https:\/\/www.europesays.com\/fr\/wp-json\/wp\/v2\/media?parent=512301"}],"wp:term":[{"taxonomy":"category","embeddable":true,"href":"https:\/\/www.europesays.com\/fr\/wp-json\/wp\/v2\/categories?post=512301"},{"taxonomy":"post_tag","embeddable":true,"href":"https:\/\/www.europesays.com\/fr\/wp-json\/wp\/v2\/tags?post=512301"}],"curies":[{"name":"wp","href":"https:\/\/api.w.org\/{rel}","templated":true}]}}