{"id":512312,"date":"2025-11-05T00:19:26","date_gmt":"2025-11-05T00:19:26","guid":{"rendered":"https:\/\/www.europesays.com\/fr\/512312\/"},"modified":"2025-11-05T00:19:26","modified_gmt":"2025-11-05T00:19:26","slug":"cette-boutique-de-createurs-rennais-est-ouverte-jusqua-noel-2","status":"publish","type":"post","link":"https:\/\/www.europesays.com\/fr\/512312\/","title":{"rendered":"Cette boutique de cr\u00e9ateurs rennais est ouverte jusqu\u2019\u00e0 No\u00ebl"},"content":{"rendered":"<p>En cette p\u00e9riode de l\u2019ann\u00e9e, de nombreux magasins \u00e9ph\u00e9m\u00e8res de cr\u00e9ateurs s\u2019installent en pr\u00e9vision des f\u00eates de No\u00ebl. Parmi ceux-ci, l\u2019enseigne Chez Fan Fan tient une place \u00e0 part puisqu\u2019il s\u2019agit d\u2019un collectif de cinq marques 100\u00a0% rennaises.\u00a0C\u2019est l\u2019occasion de d\u00e9couvrir et de valoriser ces cr\u00e9ateurs qui n\u2019ont pas pignon sur rue puisqu\u2019ils travaillent dans leurs propres ateliers\u00a0.<\/p>\n<p>Gwennili cr\u00e9e des objets de maroquinerie comme des cache-oreilles en cuir et peau de mouton lain\u00e9e pour l\u2019hiver. L\u00e9once expose des v\u00eatements vintage des ann\u00e9es 1960 \u2013 1980. Dans l\u2019univers de Pablo est une fille, on trouvera des cr\u00e9ations graphiques de Pauline Bloquel dont un ab\u00e9c\u00e9daire \u00e0 l\u2019ancienne. Les ateliers Mulkographiques proposent des cartes des vins et des fromages. Enfin les amateurs de puzzles en bois trouveront leur bonheur Chez Kabanon.<\/p>\n<p>\u00c0 noter\u00a0: les meubles de la boutique sont vintage, ils viennent de la brocante Alaska et ils sont \u00e0 vendre.<\/p>\n<p><strong>Chez Fan Fan, <\/strong>galerie commerciale La Visitation. Ouvert de 10\u00a0h \u00e0 19\u00a0h\u00a030. Jusqu\u2019\u00e0 No\u00ebl.<\/p>\n<p>\u00a0<\/p>\n","protected":false},"excerpt":{"rendered":"En cette p\u00e9riode de l\u2019ann\u00e9e, de nombreux magasins \u00e9ph\u00e9m\u00e8res de cr\u00e9ateurs s\u2019installent en pr\u00e9vision des f\u00eates de No\u00ebl.&hellip;\n","protected":false},"author":2,"featured_media":511368,"comment_status":"","ping_status":"","sticky":false,"template":"","format":"standard","meta":{"footnotes":""},"categories":[2821],"tags":[1111,11,11647,829,14063,1777,674,1011,27,2867,12,15830,12884,13658,584,25],"class_list":{"0":"post-512312","1":"post","2":"type-post","3":"status-publish","4":"format-standard","5":"has-post-thumbnail","7":"category-rennes","8":"tag-actu","9":"tag-actualites","10":"tag-boutique","11":"tag-bretagne","12":"tag-createurs","13":"tag-eu","14":"tag-europe","15":"tag-fr","16":"tag-france","17":"tag-jusqu","18":"tag-news","19":"tag-noel","20":"tag-ouverte","21":"tag-rennais","22":"tag-rennes","23":"tag-republique-francaise"},"share_on_mastodon":{"url":"https:\/\/pubeurope.com\/@fr\/115494228101489227","error":""},"_links":{"self":[{"href":"https:\/\/www.europesays.com\/fr\/wp-json\/wp\/v2\/posts\/512312","targetHints":{"allow":["GET"]}}],"collection":[{"href":"https:\/\/www.europesays.com\/fr\/wp-json\/wp\/v2\/posts"}],"about":[{"href":"https:\/\/www.europesays.com\/fr\/wp-json\/wp\/v2\/types\/post"}],"author":[{"embeddable":true,"href":"https:\/\/www.europesays.com\/fr\/wp-json\/wp\/v2\/users\/2"}],"replies":[{"embeddable":true,"href":"https:\/\/www.europesays.com\/fr\/wp-json\/wp\/v2\/comments?post=512312"}],"version-history":[{"count":0,"href":"https:\/\/www.europesays.com\/fr\/wp-json\/wp\/v2\/posts\/512312\/revisions"}],"wp:featuredmedia":[{"embeddable":true,"href":"https:\/\/www.europesays.com\/fr\/wp-json\/wp\/v2\/media\/511368"}],"wp:attachment":[{"href":"https:\/\/www.europesays.com\/fr\/wp-json\/wp\/v2\/media?parent=512312"}],"wp:term":[{"taxonomy":"category","embeddable":true,"href":"https:\/\/www.europesays.com\/fr\/wp-json\/wp\/v2\/categories?post=512312"},{"taxonomy":"post_tag","embeddable":true,"href":"https:\/\/www.europesays.com\/fr\/wp-json\/wp\/v2\/tags?post=512312"}],"curies":[{"name":"wp","href":"https:\/\/api.w.org\/{rel}","templated":true}]}}