{"id":512313,"date":"2025-11-05T00:20:15","date_gmt":"2025-11-05T00:20:15","guid":{"rendered":"https:\/\/www.europesays.com\/fr\/512313\/"},"modified":"2025-11-05T00:20:15","modified_gmt":"2025-11-05T00:20:15","slug":"le-tours-mb-renverse-rennes-au-retour-des-vestiaires","status":"publish","type":"post","link":"https:\/\/www.europesays.com\/fr\/512313\/","title":{"rendered":"le Tours MB renverse Rennes au retour des vestiaires"},"content":{"rendered":"<p><strong>Tours MB\u00a0&#8211; Rennes\u00a0: 108-88<\/strong><\/p>\n<p>Le TMB a renou\u00e9 avec ses bonnes habitudes \u00e0 Monconseil ce mardi 4\u00a0novembre\u00a0! Il a non seulement franchi <a target=\"_self\" href=\"https:\/\/www.lanouvellerepublique.fr\/tours\/direct-le-tours-mb-pret-a-repartir-de-l-avant-face-a-rennes-1762281202\" rel=\"noopener\">la barre des 100 points marqu\u00e9s<\/a> pour la quatri\u00e8me fois de la saison en championnat, mais aussi et surtout gagn\u00e9 et pr\u00e9serv\u00e9 son invincibilit\u00e9 \u00e0 domicile.<\/p>\n<p>La r\u00e9action attendue apr\u00e8s le revers \u00e0 Lorient (88-74), o\u00f9 la d\u00e9fense avait montr\u00e9 des signes d\u2019essoufflement, a donc bel et bien eu lieu\u2026, m\u00eame s\u2019il a fallu attendre la deuxi\u00e8me p\u00e9riode pour voir les locaux retrouver tout leur mordant d\u00e9fensif et une attaque tout feu tout flamme. Car face une formation rennaise qui restait, elle, sur un succ\u00e8s convaincant face aux Metropolitans de Levallois, les Tourangeaux ont tout d\u2019abord subi la loi de l\u2019URB, avant d\u2019afficher un visage beaucoup plus agressif et conqu\u00e9rant au retour des vestiaires. Un gros effort collectif r\u00e9compens\u00e9 de la plus belle des mani\u00e8res avec ce succ\u00e8s \u00e9clatant, le 7e\u00a0de la saison&#8230;. <\/p>\n<p>    Cet article a \u00e9t\u00e9 tronqu\u00e9. Abonnez-vous pour lire l&rsquo;article complet sur notre site.<\/p>\n<p style=\"margin: 0 !important; padding: 0 !important; font-size: 12px !important;\">Cet article a \u00e9t\u00e9 tronqu\u00e9. Abonnez-vous pour lire l&rsquo;article complet.<\/p>\n<p>    <a href=\"https:\/\/www.lanouvellerepublique.fr\/abonnements\" style=\"display: inline-block; margin-top: 5px !important; padding: 6px 12px !important; background: #cb1c27; color: white; text-decoration: none; border-radius: 4px; font-size: 12px !important;\" target=\"_blank\" rel=\"noopener\"><br \/>\n      S&rsquo;abonner<br \/>\n    <\/a><\/p>\n","protected":false},"excerpt":{"rendered":"Tours MB\u00a0&#8211; Rennes\u00a0: 108-88 Le TMB a renou\u00e9 avec ses bonnes habitudes \u00e0 Monconseil ce mardi 4\u00a0novembre\u00a0! Il&hellip;\n","protected":false},"author":2,"featured_media":512314,"comment_status":"","ping_status":"","sticky":false,"template":"","format":"standard","meta":{"footnotes":""},"categories":[2821],"tags":[1392,1111,11,1465,829,1777,674,1011,27,1387,17639,12,584,25,60,1390,17684],"class_list":{"0":"post-512313","1":"post","2":"type-post","3":"status-publish","4":"format-standard","5":"has-post-thumbnail","7":"category-rennes","8":"tag-a-la-une-local","9":"tag-actu","10":"tag-actualites","11":"tag-basket","12":"tag-bretagne","13":"tag-eu","14":"tag-europe","15":"tag-fr","16":"tag-france","17":"tag-indre-et-loire","18":"tag-nationaux-basket","19":"tag-news","20":"tag-rennes","21":"tag-republique-francaise","22":"tag-sports","23":"tag-tours","24":"tag-tours-metropole-basket"},"share_on_mastodon":{"url":"https:\/\/pubeurope.com\/@fr\/115494232010619411","error":""},"_links":{"self":[{"href":"https:\/\/www.europesays.com\/fr\/wp-json\/wp\/v2\/posts\/512313","targetHints":{"allow":["GET"]}}],"collection":[{"href":"https:\/\/www.europesays.com\/fr\/wp-json\/wp\/v2\/posts"}],"about":[{"href":"https:\/\/www.europesays.com\/fr\/wp-json\/wp\/v2\/types\/post"}],"author":[{"embeddable":true,"href":"https:\/\/www.europesays.com\/fr\/wp-json\/wp\/v2\/users\/2"}],"replies":[{"embeddable":true,"href":"https:\/\/www.europesays.com\/fr\/wp-json\/wp\/v2\/comments?post=512313"}],"version-history":[{"count":0,"href":"https:\/\/www.europesays.com\/fr\/wp-json\/wp\/v2\/posts\/512313\/revisions"}],"wp:featuredmedia":[{"embeddable":true,"href":"https:\/\/www.europesays.com\/fr\/wp-json\/wp\/v2\/media\/512314"}],"wp:attachment":[{"href":"https:\/\/www.europesays.com\/fr\/wp-json\/wp\/v2\/media?parent=512313"}],"wp:term":[{"taxonomy":"category","embeddable":true,"href":"https:\/\/www.europesays.com\/fr\/wp-json\/wp\/v2\/categories?post=512313"},{"taxonomy":"post_tag","embeddable":true,"href":"https:\/\/www.europesays.com\/fr\/wp-json\/wp\/v2\/tags?post=512313"}],"curies":[{"name":"wp","href":"https:\/\/api.w.org\/{rel}","templated":true}]}}