{"id":512315,"date":"2025-11-05T00:21:21","date_gmt":"2025-11-05T00:21:21","guid":{"rendered":"https:\/\/www.europesays.com\/fr\/512315\/"},"modified":"2025-11-05T00:21:21","modified_gmt":"2025-11-05T00:21:21","slug":"victorine-muller-creatrice-de-mode-pour-son-premier-defile-a-strasbourg","status":"publish","type":"post","link":"https:\/\/www.europesays.com\/fr\/512315\/","title":{"rendered":"Victorine Muller, cr\u00e9atrice de mode pour son premier d\u00e9fil\u00e9 \u00e0 Strasbourg !"},"content":{"rendered":"<p><img loading=\"lazy\" decoding=\"async\" class=\"\" src=\"https:\/\/www.europesays.com\/fr\/wp-content\/uploads\/2025\/11\/3ee99ebf-aa98-4500-99e2-537effa73303.jpg\" alt=\"TOP MUSIC\" width=\"1\" height=\"1\"\/><\/p>\n<p class=\"date\">4 novembre 2025 &#8211; 8 min 48 sec<\/p>\n<p>Victorine Muller, cr\u00e9atrice de mode pour son premier d\u00e9fil\u00e9 \u00e0 Strasbourg !<\/p>\n<p>Les personnalit\u00e9s qui font vivre, bouger et danser l&rsquo;Alsace, vous donnent rendez-vous tous les soirs, 19-21h dans la Top Family !<\/p>\n<p>Victorine Muller, cr\u00e9atrice de mode pour son premier d\u00e9fil\u00e9 \u00e0 Strasbourg !<\/p>\n<p>Retrouvez plus d&rsquo;infos sur notre site internet<\/p>\n<p>Interview r\u00e9alis\u00e9e par Erwan Le Guilloux et Roland Garcia.<\/p>\n","protected":false},"excerpt":{"rendered":"4 novembre 2025 &#8211; 8 min 48 sec Victorine Muller, cr\u00e9atrice de mode pour son premier d\u00e9fil\u00e9 \u00e0&hellip;\n","protected":false},"author":2,"featured_media":512316,"comment_status":"","ping_status":"","sticky":false,"template":"","format":"standard","meta":{"footnotes":""},"categories":[2820],"tags":[1111,11,2389,1777,674,1011,27,775,2173,12,25,640],"class_list":{"0":"post-512315","1":"post","2":"type-post","3":"status-publish","4":"format-standard","5":"has-post-thumbnail","7":"category-strasbourg","8":"tag-actu","9":"tag-actualites","10":"tag-alsace","11":"tag-eu","12":"tag-europe","13":"tag-fr","14":"tag-france","15":"tag-grand-est","16":"tag-interview","17":"tag-news","18":"tag-republique-francaise","19":"tag-strasbourg"},"share_on_mastodon":{"url":"https:\/\/pubeurope.com\/@fr\/115494236507027315","error":""},"_links":{"self":[{"href":"https:\/\/www.europesays.com\/fr\/wp-json\/wp\/v2\/posts\/512315","targetHints":{"allow":["GET"]}}],"collection":[{"href":"https:\/\/www.europesays.com\/fr\/wp-json\/wp\/v2\/posts"}],"about":[{"href":"https:\/\/www.europesays.com\/fr\/wp-json\/wp\/v2\/types\/post"}],"author":[{"embeddable":true,"href":"https:\/\/www.europesays.com\/fr\/wp-json\/wp\/v2\/users\/2"}],"replies":[{"embeddable":true,"href":"https:\/\/www.europesays.com\/fr\/wp-json\/wp\/v2\/comments?post=512315"}],"version-history":[{"count":0,"href":"https:\/\/www.europesays.com\/fr\/wp-json\/wp\/v2\/posts\/512315\/revisions"}],"wp:featuredmedia":[{"embeddable":true,"href":"https:\/\/www.europesays.com\/fr\/wp-json\/wp\/v2\/media\/512316"}],"wp:attachment":[{"href":"https:\/\/www.europesays.com\/fr\/wp-json\/wp\/v2\/media?parent=512315"}],"wp:term":[{"taxonomy":"category","embeddable":true,"href":"https:\/\/www.europesays.com\/fr\/wp-json\/wp\/v2\/categories?post=512315"},{"taxonomy":"post_tag","embeddable":true,"href":"https:\/\/www.europesays.com\/fr\/wp-json\/wp\/v2\/tags?post=512315"}],"curies":[{"name":"wp","href":"https:\/\/api.w.org\/{rel}","templated":true}]}}