{"id":512325,"date":"2025-11-05T00:26:24","date_gmt":"2025-11-05T00:26:24","guid":{"rendered":"https:\/\/www.europesays.com\/fr\/512325\/"},"modified":"2025-11-05T00:26:24","modified_gmt":"2025-11-05T00:26:24","slug":"quinte-du-mercredi-5-novembre-a-nantes-antoine-lherete-dattaque-avec-kamehameha","status":"publish","type":"post","link":"https:\/\/www.europesays.com\/fr\/512325\/","title":{"rendered":"Quint\u00e9 du mercredi 5\u00a0novembre \u00e0 Nantes\u00a0: Antoine Lh\u00e9r\u00e9t\u00e9 d\u2019attaque avec Kamehameha"},"content":{"rendered":"<p class=\"paragraph text_align_left lp-f-body-02\">\u00c0 33 ans, <a href=\"https:\/\/www.letrot.com\/stats\/homme\/Antoine-LHERETE\/YGt2YAYDcA\/entraineur\" target=\"_blank\" rel=\"noreferrer noopener\">Antoine Lh\u00e9r\u00e9t\u00e9<\/a> est sur le point d\u2019achever sa 10e ann\u00e9e d\u2019exercice en tant qu\u2019entra\u00eeneur. Alors que ses pensionnaires ont \u00e9t\u00e9 malades l\u2019\u00e9t\u00e9 dernier, son nombre de 15 victoires est similaire aux quatre derni\u00e8res saisons, et son pourcentage de r\u00e9ussite dans les cinq premiers est remarquable : 50. Un succ\u00e8s qui s\u2019explique par un choix dans sa m\u00e9thode de travail.<\/p>\n","protected":false},"excerpt":{"rendered":"\u00c0 33 ans, Antoine Lh\u00e9r\u00e9t\u00e9 est sur le point d\u2019achever sa 10e ann\u00e9e d\u2019exercice en tant qu\u2019entra\u00eeneur. Alors&hellip;\n","protected":false},"author":2,"featured_media":512326,"comment_status":"","ping_status":"","sticky":false,"template":"","format":"standard","meta":{"footnotes":""},"categories":[2818],"tags":[1111,11,459,1777,674,1011,27,11462,766,12,2636,25,60],"class_list":{"0":"post-512325","1":"post","2":"type-post","3":"status-publish","4":"format-standard","5":"has-post-thumbnail","7":"category-nantes","8":"tag-actu","9":"tag-actualites","10":"tag-departements-horsidfo","11":"tag-eu","12":"tag-europe","13":"tag-fr","14":"tag-france","15":"tag-hippisme","16":"tag-nantes","17":"tag-news","18":"tag-pays-de-la-loire","19":"tag-republique-francaise","20":"tag-sports"},"share_on_mastodon":{"url":"https:\/\/pubeurope.com\/@fr\/115494255674850722","error":""},"_links":{"self":[{"href":"https:\/\/www.europesays.com\/fr\/wp-json\/wp\/v2\/posts\/512325","targetHints":{"allow":["GET"]}}],"collection":[{"href":"https:\/\/www.europesays.com\/fr\/wp-json\/wp\/v2\/posts"}],"about":[{"href":"https:\/\/www.europesays.com\/fr\/wp-json\/wp\/v2\/types\/post"}],"author":[{"embeddable":true,"href":"https:\/\/www.europesays.com\/fr\/wp-json\/wp\/v2\/users\/2"}],"replies":[{"embeddable":true,"href":"https:\/\/www.europesays.com\/fr\/wp-json\/wp\/v2\/comments?post=512325"}],"version-history":[{"count":0,"href":"https:\/\/www.europesays.com\/fr\/wp-json\/wp\/v2\/posts\/512325\/revisions"}],"wp:featuredmedia":[{"embeddable":true,"href":"https:\/\/www.europesays.com\/fr\/wp-json\/wp\/v2\/media\/512326"}],"wp:attachment":[{"href":"https:\/\/www.europesays.com\/fr\/wp-json\/wp\/v2\/media?parent=512325"}],"wp:term":[{"taxonomy":"category","embeddable":true,"href":"https:\/\/www.europesays.com\/fr\/wp-json\/wp\/v2\/categories?post=512325"},{"taxonomy":"post_tag","embeddable":true,"href":"https:\/\/www.europesays.com\/fr\/wp-json\/wp\/v2\/tags?post=512325"}],"curies":[{"name":"wp","href":"https:\/\/api.w.org\/{rel}","templated":true}]}}