{"id":512327,"date":"2025-11-05T00:27:14","date_gmt":"2025-11-05T00:27:14","guid":{"rendered":"https:\/\/www.europesays.com\/fr\/512327\/"},"modified":"2025-11-05T00:27:14","modified_gmt":"2025-11-05T00:27:14","slug":"les-associations-bordelaises-daide-aux-sans-abri-en-difficulte-un-espoir-solidaire-jette-leponge","status":"publish","type":"post","link":"https:\/\/www.europesays.com\/fr\/512327\/","title":{"rendered":"Les associations bordelaises d&rsquo;aide aux sans-abri en difficult\u00e9, Un Espoir solidaire jette l&rsquo;\u00e9ponge"},"content":{"rendered":"<p class=\"wp-block-post-excerpt__excerpt\">Apr\u00e8s l\u2019appel lanc\u00e9 par plusieurs associations bordelaises demandant des moyens suppl\u00e9mentaires pour assurer leur soutien aux sans-domicile, Un Espoir solidaire annonce sa fermeture \u00e0 la fin de cette ann\u00e9e 2025.\u00a0Un concert de soutien \u00e0 La Maraude du c\u0153ur aura lieu ce vendredi au Garage moderne. <\/p>\n<p class=\"font-sans\">\n\t\t\tCet article est en acc\u00e8s libre. Pour soutenir Rue89Bordeaux,<br \/>\n\t\t\t<a class=\"underline\" href=\"https:\/\/rue89bordeaux.com\/abonnement\/\" target=\"_blank\" rel=\"noopener\">abonnez-vous<\/a>.\n\t\t<\/p>\n<p>La R\u00e9daction<\/p>\n<p>Publi\u00e9 le 4 novembre 2025\u00a0\u00a0\u00b7\u00a0\u00a0<\/p>\n<p>Imprim\u00e9 le 5 novembre 2025 \u00e0 00h23\u00a0\u00a0\u00b7\u00a0\u00a0<\/p>\n<p>Modifi\u00e9 le 4 novembre 2025\u00a0\u00a0\u00b7\u00a0\u00a0<\/p>\n<p>\t\t\t\t\t2\u00a0minutes\n<\/p>\n<p>\u00ab\u00a0Cette d\u00e9cision fait suite au manque de ressources financi\u00e8res rencontr\u00e9s par nos \u00e9quipes depuis plus d\u2019un an\u00a0\u00bb, \u00e9crit Timoth\u00e9e pour l\u2019\u00e9quipe d\u2019Un Espoir solidaire. Il annonce ainsi la fermeture de cette jeune association bordelaise cr\u00e9\u00e9e en 2020 par un groupe de lyc\u00e9ens, <a href=\"https:\/\/rue89bordeaux.com\/2021\/02\/des-ados-creent-une-asso-pour-distribuer-des-repas-aux-sans-abri-a-bordeaux\/\" target=\"_blank\" rel=\"noreferrer noopener\">et mise \u00e0 l\u2019honneur l\u2019ann\u00e9e suivante par Rue89 Bordeaux<\/a>.<\/p>\n<blockquote class=\"wp-block-quote is-layout-flow wp-block-quote-is-layout-flow\">\n<p>\u00ab\u00a0La fermeture est programm\u00e9e pour la fin du mois de d\u00e9cembre [2025], poursuit son initiateur. Nos actions s\u2019arr\u00eateront progressivement \u00e0 partir de la semaine du 17 novembre, en conservant notamment nos distributions du mercredi et du vendredi soir jusqu\u2019\u00e0 No\u00ebl.\u00a0\u00bb<\/p>\n<\/blockquote>\n<p>\t\tMaraudes, hygi\u00e8ne, et soutien<\/p>\n<p>Un Espoir solidaire \u2013 anciennement G\u00e2teaux solidaires \u2013 assure des aides alimentaires quatre fois par semaine pour les sans-abri o\u00f9 sont distribu\u00e9s pr\u00e8s de 200 repas cuisin\u00e9s \u00ab\u00a0maison\u00a0\u00bb. Sa soixantaine de b\u00e9n\u00e9voles intervient \u00e9galement les mercredis sur le campus de Bordeaux Carreire (universit\u00e9 de m\u00e9decine) pour proposer des colis alimentaires aux \u00e9tudiants.<\/p>\n<p>\u200bElle tient \u00e9galement trois permanences de douches par semaine, lesquelles seront \u00ab\u00a0dans la mesure du possible, maintenues pour une dur\u00e9e maximale\u00a0\u00bb. Par ailleurs, l\u2019association offre un service de laverie qui peut accueillir jusqu\u2019\u00e0 100 b\u00e9n\u00e9ficiaires par semaine.<\/p>\n<p>\u200bParall\u00e8lement, Un Espoir solidaire permet un acc\u00e8s \u00e0 l\u2019eau et \u00e0 l\u2019\u00e9lectricit\u00e9 dans certains campements o\u00f9 elle propose divers \u00e9quipements. Elle g\u00e8re une \u00ab\u00a0colocation solidaire\u00a0\u00bb et s\u2019occupe de l\u2019interm\u00e9diation locative, tout en proposant une aide administrative selon les cas.<\/p>\n<p>\t\t\u00ab\u00a0A bout de force\u00a0\u00bb<\/p>\n<p>Le 24 octobre dernier, Un Espoir solidaire avait cosign\u00e9 avec cinq autres associations \u2013 Les Gratuits Gironde Solidarit\u00e9, La Maraude du c\u0153ur, Diamants des cit\u00e9s, Imagine demain et les Robins de la rue \u2013 un communiqu\u00e9 de presse dans lequel elles tiraient plusieurs sonnettes d\u2019alarme.<\/p>\n<p>Les b\u00e9n\u00e9voles s\u2019y disent \u00ab\u00a0\u00e0 bout de force\u00a0\u00bb et en grand manque de moyens, assurant que cette situation provoque de nombreuses tensions. Lors d\u2019une distribution alimentaire, une b\u00e9n\u00e9vole de La Maraude du c\u0153ur a \u00e9t\u00e9 agress\u00e9e verbalement et menac\u00e9e de mort par un b\u00e9n\u00e9ficiaire exc\u00e9d\u00e9, qui a \u00e9galement frapp\u00e9 une autre personne venue s\u2019approvisionner.<\/p>\n<p>Selon les associations, c\u2019est la cons\u00e9quence d\u2019une mis\u00e8re grandissante dans les rues.\u00a0Elles demandent l\u2019ouverture imm\u00e9diate de places d\u2019h\u00e9bergement d\u2019urgence, un soutien humain et financier accru, d\u2019avantage de s\u00e9curit\u00e9 et une meilleure coordination entre action publique et action citoyenne pour r\u00e9pondre aux besoins d\u2019un nombre croissant de personnes en d\u00e9tresse.<\/p>\n<p>Pour ce faire, la Maraude du c\u0153ur organise <a href=\"https:\/\/www.instagram.com\/p\/DQKTq5ujPAR\/?hl=fr\" target=\"_blank\" rel=\"noreferrer noopener\">un concert de soutien<\/a>, ce vendredi 7 novembre au Garage Moderne.<\/p>\n<p><script async src=\"\/\/www.instagram.com\/embed.js\"><\/script><\/p>\n","protected":false},"excerpt":{"rendered":"Apr\u00e8s l\u2019appel lanc\u00e9 par plusieurs associations bordelaises demandant des moyens suppl\u00e9mentaires pour assurer leur soutien aux sans-domicile, Un&hellip;\n","protected":false},"author":2,"featured_media":512328,"comment_status":"","ping_status":"","sticky":false,"template":"","format":"standard","meta":{"footnotes":""},"categories":[2817],"tags":[1111,11,1997,1777,674,1011,27,63318,63319,12,2219,25,37302,3400],"class_list":{"0":"post-512327","1":"post","2":"type-post","3":"status-publish","4":"format-standard","5":"has-post-thumbnail","7":"category-bordeaux","8":"tag-actu","9":"tag-actualites","10":"tag-bordeaux","11":"tag-eu","12":"tag-europe","13":"tag-fr","14":"tag-france","15":"tag-la-maraude-du-coeur","16":"tag-maraude","17":"tag-news","18":"tag-nouvelle-aquitaine","19":"tag-republique-francaise","20":"tag-sans-toit-ni-loi","21":"tag-solidarite"},"share_on_mastodon":{"url":"https:\/\/pubeurope.com\/@fr\/115494259490067046","error":""},"_links":{"self":[{"href":"https:\/\/www.europesays.com\/fr\/wp-json\/wp\/v2\/posts\/512327","targetHints":{"allow":["GET"]}}],"collection":[{"href":"https:\/\/www.europesays.com\/fr\/wp-json\/wp\/v2\/posts"}],"about":[{"href":"https:\/\/www.europesays.com\/fr\/wp-json\/wp\/v2\/types\/post"}],"author":[{"embeddable":true,"href":"https:\/\/www.europesays.com\/fr\/wp-json\/wp\/v2\/users\/2"}],"replies":[{"embeddable":true,"href":"https:\/\/www.europesays.com\/fr\/wp-json\/wp\/v2\/comments?post=512327"}],"version-history":[{"count":0,"href":"https:\/\/www.europesays.com\/fr\/wp-json\/wp\/v2\/posts\/512327\/revisions"}],"wp:featuredmedia":[{"embeddable":true,"href":"https:\/\/www.europesays.com\/fr\/wp-json\/wp\/v2\/media\/512328"}],"wp:attachment":[{"href":"https:\/\/www.europesays.com\/fr\/wp-json\/wp\/v2\/media?parent=512327"}],"wp:term":[{"taxonomy":"category","embeddable":true,"href":"https:\/\/www.europesays.com\/fr\/wp-json\/wp\/v2\/categories?post=512327"},{"taxonomy":"post_tag","embeddable":true,"href":"https:\/\/www.europesays.com\/fr\/wp-json\/wp\/v2\/tags?post=512327"}],"curies":[{"name":"wp","href":"https:\/\/api.w.org\/{rel}","templated":true}]}}