{"id":512349,"date":"2025-11-05T00:40:23","date_gmt":"2025-11-05T00:40:23","guid":{"rendered":"https:\/\/www.europesays.com\/fr\/512349\/"},"modified":"2025-11-05T00:40:23","modified_gmt":"2025-11-05T00:40:23","slug":"les-quartiers-populaires-de-paris-terrains-de-campagne-incontournables-et-cles-du-scrutin","status":"publish","type":"post","link":"https:\/\/www.europesays.com\/fr\/512349\/","title":{"rendered":"les quartiers populaires de Paris, terrains de campagne incontournables et cl\u00e9s du scrutin"},"content":{"rendered":"<p>\n    <strong>D\u00c9CRYPTAGE <\/strong>&#8211; Pour gagner \u00e0 Paris, la droite doit \u00e9tendre son influence au-del\u00e0 des arrondissements favoris\u00e9s. Ou, a\u00a0minima, profiter de la division de la gauche dans les quartiers populaires.<\/p>\n<p class=\"fig-paragraph\">Dans la capitale,\u00a0<a href=\"https:\/\/www.lefigaro.fr\/elections\/municipales\" target=\"_blank\" data-fig-type=\"Section\" rel=\"sponsored noopener\" data-gtm-custom-categorie=\"navigation\" data-gtm-custom-action=\"crossclick\" data-gtm-custom-label=\"Contextuel\" data-gtm-event=\"customEventSPE\" data-fig-domain=\"LEFIGARO\">la ligne de d\u00e9part du scrutin municipal<\/a>\u00a0se pr\u00e9cise \u00e0 quatre mois de l\u2019\u00e9ch\u00e9ance. Et les candidats commencent \u00e0 fourbir leurs armes, malgr\u00e9 le peu de visibilit\u00e9 offerte \u00e0 cette \u00e9lection par la situation politique nationale. Pour beaucoup d\u2019entre eux, \u00e7a sera cap vers le nord-est de Paris\u00a0!<\/p>\n<p class=\"fig-paragraph\"><a href=\"http:\/\/www.lefigaro.fr\/politique\/municipales-a-paris-le-challenger-pierre-yves-bournazel-croit-son-heure-venue-face-a-rachida-dati-20251028\" data-fig-type=\"Article\" data-gtm-custom-categorie=\"navigation\" data-gtm-custom-action=\"crossclick\" data-gtm-custom-label=\"Contextuel\" data-gtm-event=\"customEventSPE\" data-fig-domain=\"LEFIGARO\" target=\"_blank\" rel=\"noopener\">L\u2019opposition de droite<\/a>\u00a0consid\u00e8re qu\u2019elle a une occasion historique de se r\u00e9installer \u00e0 l\u2019H\u00f4tel de Ville, vingt-quatre ans apr\u00e8s l\u2019arriv\u00e9e de la gauche. Pour la premi\u00e8re fois, la nouvelle \u00e9quipe municipale sera \u00e9lue par tous les Parisiens. Et non plus \u00e0 travers un syst\u00e8me de grands \u00e9lecteurs, dont le nombre d\u00e9pendait du poids de chaque arrondissement.<\/p>\n<p>Plus de 51% des Parisiens habitent dans un des sept arrondissements les moins favoris\u00e9s de la ville<\/p>\n<p class=\"fig-paragraph\">Malgr\u00e9 le changement du mode de scrutin \u00e0 Paris, l\u2019enjeu, \u00ab\u00a0c\u2019est de faire voter pour nous des anciens \u00e9lecteurs d\u2019Anne Hidalgo\u00a0\u00bb, r\u00e9sume un responsable de parti qui si\u00e8ge dans l\u2019opposition parisienne. D\u00e8s lors, la g\u00e9ographie de la campagne n\u2019\u00e9voluera pas tant. Une attention particuli\u00e8re accord\u00e9e aux quartiers populaires de la capitale\u2026<\/p>\n<p class=\"fig-premium-paywall__infos\">\n        Cet article est r\u00e9serv\u00e9 aux abonn\u00e9s.        Il vous reste 79% \u00e0 d\u00e9couvrir.\n    <\/p>\n<p>                <img  data- alt=\"Le Figaro\" class=\"fig-img--complete fig-img\"\/><\/p>\n<p class=\"fig-premium-paywall__title\">Vous avez envie de lire la suite ?<\/p>\n<p class=\"fig-premium-paywall__subtitle\">D\u00e9bloquez tous les articles imm\u00e9diatement.<\/p>\n<p class=\"fig-premium-paywall__connect\">\n                D\u00e9j\u00e0 abonn\u00e9\u00a0?                <a class=\"fig-premium-paywall__connect-link\" href=\"https:\/\/connect.lefigaro.fr\/login?client=horizon_web&amp;type=main&amp;redirect_uri=https%3A%2F%2Fwww.lefigaro.fr%2Fpolitique%2Fmunicipales-2026-les-quartiers-populaires-de-paris-terrains-de-campagne-incontournables-et-cles-du-scrutin-20251104\" data-js-gtm=\"{&quot;customCategorie&quot;: &quot;conversion&quot;, &quot;customAction&quot;: &quot;before_Landing_Connexion_paywall_auto&quot;, &quot;customLabel&quot;: &quot;bGVmaWdhcm8uZnJfXzFmMGI5NmNjLTY2ODQtNjJkYS05ZDA1LWQ3ZjM2ZGE3YzZlZl9fQXJ0aWNsZQ==_Municipales 2026\u00a0: les quartiers populaires de Paris, terrains de campagne incontournables et cl\u00e9s du scrutin_337&quot;, &quot;customIDSPE&quot;: &quot;bGVmaWdhcm8uZnJfXzFmMGI5NmNjLTY2ODQtNjJkYS05ZDA1LWQ3ZjM2ZGE3YzZlZl9fQXJ0aWNsZQ==&quot;, &quot;event&quot;: &quot;customEventSPE&quot;}\" target=\"_blank\" rel=\"noopener\"><br \/>\n                    Connectez-vous<br \/>\n                <\/a>\n            <\/p>\n","protected":false},"excerpt":{"rendered":"D\u00c9CRYPTAGE &#8211; Pour gagner \u00e0 Paris, la droite doit \u00e9tendre son influence au-del\u00e0 des arrondissements favoris\u00e9s. Ou, a\u00a0minima,&hellip;\n","protected":false},"author":2,"featured_media":512350,"comment_status":"","ping_status":"","sticky":false,"template":"","format":"standard","meta":{"footnotes":""},"categories":[1888],"tags":[1111,1928,11,1927,8186,1777,674,1011,27,12,1926,626,1925,59616,417,25],"class_list":{"0":"post-512349","1":"post","2":"type-post","3":"status-publish","4":"format-standard","5":"has-post-thumbnail","7":"category-paris","8":"tag-actu","9":"tag-actu-paris","10":"tag-actualites","11":"tag-actualites-paris","12":"tag-emmanuel-gregoire","13":"tag-eu","14":"tag-europe","15":"tag-fr","16":"tag-france","17":"tag-news","18":"tag-news-paris","19":"tag-paris","20":"tag-paris-news","21":"tag-pierre-yves-bournazel","22":"tag-rachida-dati","23":"tag-republique-francaise"},"share_on_mastodon":{"url":"https:\/\/pubeurope.com\/@fr\/115494310676976067","error":""},"_links":{"self":[{"href":"https:\/\/www.europesays.com\/fr\/wp-json\/wp\/v2\/posts\/512349","targetHints":{"allow":["GET"]}}],"collection":[{"href":"https:\/\/www.europesays.com\/fr\/wp-json\/wp\/v2\/posts"}],"about":[{"href":"https:\/\/www.europesays.com\/fr\/wp-json\/wp\/v2\/types\/post"}],"author":[{"embeddable":true,"href":"https:\/\/www.europesays.com\/fr\/wp-json\/wp\/v2\/users\/2"}],"replies":[{"embeddable":true,"href":"https:\/\/www.europesays.com\/fr\/wp-json\/wp\/v2\/comments?post=512349"}],"version-history":[{"count":0,"href":"https:\/\/www.europesays.com\/fr\/wp-json\/wp\/v2\/posts\/512349\/revisions"}],"wp:featuredmedia":[{"embeddable":true,"href":"https:\/\/www.europesays.com\/fr\/wp-json\/wp\/v2\/media\/512350"}],"wp:attachment":[{"href":"https:\/\/www.europesays.com\/fr\/wp-json\/wp\/v2\/media?parent=512349"}],"wp:term":[{"taxonomy":"category","embeddable":true,"href":"https:\/\/www.europesays.com\/fr\/wp-json\/wp\/v2\/categories?post=512349"},{"taxonomy":"post_tag","embeddable":true,"href":"https:\/\/www.europesays.com\/fr\/wp-json\/wp\/v2\/tags?post=512349"}],"curies":[{"name":"wp","href":"https:\/\/api.w.org\/{rel}","templated":true}]}}