{"id":512351,"date":"2025-11-05T00:41:15","date_gmt":"2025-11-05T00:41:15","guid":{"rendered":"https:\/\/www.europesays.com\/fr\/512351\/"},"modified":"2025-11-05T00:41:15","modified_gmt":"2025-11-05T00:41:15","slug":"a-paris-le-lendemain-dune-soiree-arrosee-se-termine-en-pugilat-entre-militaires-et-policiers","status":"publish","type":"post","link":"https:\/\/www.europesays.com\/fr\/512351\/","title":{"rendered":"\u00c0 Paris, le lendemain d\u2019une soir\u00e9e arros\u00e9e se termine en pugilat entre militaires et policiers"},"content":{"rendered":"<p>            Par<br \/>\n        <strong><br \/>\n            <a href=\"https:\/\/actu.fr\/auteur\/redaction-paris\" title=\"Consulter tous les articles de R\u00e9daction Paris\" rel=\"nofollow noopener\" target=\"_blank\">R\u00e9daction Paris<\/a><br \/>\n        <\/strong><\/p>\n<p>        Publi\u00e9 le<\/p>\n<p>            4 nov. 2025 \u00e0 17h42        <\/p>\n<p>La matin\u00e9e \u00e9tait d\u00e9j\u00e0 bien entam\u00e9e, dimanche 2 novembre 2025, lorsque deux <a href=\"https:\/\/actu.fr\/tag\/police\" rel=\"nofollow noopener\" target=\"_blank\">policiers<\/a>, en pleine s\u00e9ance de sport dans le cadre de leur fonction dans le parc de <a href=\"https:\/\/actu.fr\/tag\/la-villette\" rel=\"nofollow noopener\" target=\"_blank\">la Villette<\/a> \u00e0 Paris, ont \u00e9t\u00e9 agress\u00e9s par un <strong>groupe de huit hommes<\/strong>, a appris actu Paris aupr\u00e8s du parquet.<\/p>\n<p>Aucune explication de leurs actes<\/p>\n<p class=\" wall-content\">Les faits ont eu lieu aux alentours de 11 heures. L\u2019une des deux victimes a pu appeler des renforts. Plusieurs \u00e9quipages sont rapidement arriv\u00e9s sur place et ont interpell\u00e9 les huit agresseurs, qui ont \u00e9t\u00e9 plac\u00e9s en garde \u00e0 vue. Parmi eux, trois seraient <strong>militaires<\/strong>. Tous sortaient d\u2019une \u00ab\u00a0soir\u00e9e kanak\u00a0\u00bb et seraient inconnus de la justice.<\/p>\n<p class=\" wall-content\">Pour quelles raisons s\u2019en sont-ils pris aux coureurs ? Difficile \u00e0 dire. En raison de leur taux d\u2019alcool\u00e9mie, ils n\u2019ont pu \u00eatre entendus que ce mardi 4 novembre 2025. \u00ab Ils n\u2019ont depuis exprim\u00e9 <strong>aucune explication<\/strong> particuli\u00e8re \u00e0 ce passage \u00e0 l\u2019acte \u00bb, pr\u00e9cise le minist\u00e8re public.<\/p>\n<p class=\" wall-content\">Les deux policiers ont \u00e9t\u00e9 conduits \u00e0 l\u2019h\u00f4pital, d\u2019o\u00f9 ils sont ressortis quelques heures plus tard : l\u2019un souffre d\u2019une <strong>contusion<\/strong> au tibia-p\u00e9ron\u00e9, l\u2019autre de douleurs \u00e0 la cheville et aux cervicales.\u00a0<\/p>\n<p class=\" wall-content\">Personnalisez votre actualit\u00e9 en ajoutant vos villes et m\u00e9dias en favori avec <a href=\"https:\/\/moncompte.actu.fr\" title=\"D\u00e9couvez Mon Actu\" rel=\"nofollow noopener\" data-trk=\"{&quot;cta&quot;:{&quot;action&quot;:&quot;https:\\\/\\\/moncompte.actu.fr&quot;,&quot;category&quot;:&quot;mon compte&quot;,&quot;from&quot;:&quot;article footer&quot;,&quot;name&quot;:&quot;Mon actu&quot;,&quot;type&quot;:&quot;cta&quot;}}\" target=\"_blank\">Mon Actu<\/a>.<\/p>\n","protected":false},"excerpt":{"rendered":"Par R\u00e9daction Paris Publi\u00e9 le 4 nov. 2025 \u00e0 17h42 La matin\u00e9e \u00e9tait d\u00e9j\u00e0 bien entam\u00e9e, dimanche 2&hellip;\n","protected":false},"author":2,"featured_media":512352,"comment_status":"","ping_status":"","sticky":false,"template":"","format":"standard","meta":{"footnotes":""},"categories":[1888],"tags":[11,1777,674,118,1011,27,12,626,1072,25],"class_list":{"0":"post-512351","1":"post","2":"type-post","3":"status-publish","4":"format-standard","5":"has-post-thumbnail","7":"category-paris","8":"tag-actualites","9":"tag-eu","10":"tag-europe","11":"tag-faits-divers","12":"tag-fr","13":"tag-france","14":"tag-news","15":"tag-paris","16":"tag-police","17":"tag-republique-francaise"},"share_on_mastodon":{"url":"https:\/\/pubeurope.com\/@fr\/115494314625371762","error":""},"_links":{"self":[{"href":"https:\/\/www.europesays.com\/fr\/wp-json\/wp\/v2\/posts\/512351","targetHints":{"allow":["GET"]}}],"collection":[{"href":"https:\/\/www.europesays.com\/fr\/wp-json\/wp\/v2\/posts"}],"about":[{"href":"https:\/\/www.europesays.com\/fr\/wp-json\/wp\/v2\/types\/post"}],"author":[{"embeddable":true,"href":"https:\/\/www.europesays.com\/fr\/wp-json\/wp\/v2\/users\/2"}],"replies":[{"embeddable":true,"href":"https:\/\/www.europesays.com\/fr\/wp-json\/wp\/v2\/comments?post=512351"}],"version-history":[{"count":0,"href":"https:\/\/www.europesays.com\/fr\/wp-json\/wp\/v2\/posts\/512351\/revisions"}],"wp:featuredmedia":[{"embeddable":true,"href":"https:\/\/www.europesays.com\/fr\/wp-json\/wp\/v2\/media\/512352"}],"wp:attachment":[{"href":"https:\/\/www.europesays.com\/fr\/wp-json\/wp\/v2\/media?parent=512351"}],"wp:term":[{"taxonomy":"category","embeddable":true,"href":"https:\/\/www.europesays.com\/fr\/wp-json\/wp\/v2\/categories?post=512351"},{"taxonomy":"post_tag","embeddable":true,"href":"https:\/\/www.europesays.com\/fr\/wp-json\/wp\/v2\/tags?post=512351"}],"curies":[{"name":"wp","href":"https:\/\/api.w.org\/{rel}","templated":true}]}}