{"id":512362,"date":"2025-11-05T00:47:29","date_gmt":"2025-11-05T00:47:29","guid":{"rendered":"https:\/\/www.europesays.com\/fr\/512362\/"},"modified":"2025-11-05T00:47:29","modified_gmt":"2025-11-05T00:47:29","slug":"en-allemagne-bientot-des-cours-pour-se-preparer-a-la-guerre","status":"publish","type":"post","link":"https:\/\/www.europesays.com\/fr\/512362\/","title":{"rendered":"En Allemagne, bient\u00f4t des cours pour se pr\u00e9parer \u00e0 la guerre ?"},"content":{"rendered":"\n<p>\u201cCrises, guerres, catastrophes.\u201d L\u2019\u00e9cole doit-elle pr\u00e9parer les enfants \u00e0 ce genre d\u2019\u00e9v\u00e9nements dramatiques\u00a0? Alexander Dobrindt estime que oui, <a class=\"ithalc\" data-ithal=\"lien_externe\" data-ithalc=\"[nav_article]\" target=\"_blank\" href=\"https:\/\/www.dw.com\/de\/geh%C3%B6ren-krieg-und-katastrophen-in-deutsche-lehrpl%C3%A4ne\/a-74538046\" rel=\"noopener\">rapporte la<strong> Deutsche Welle<\/strong><\/a><strong>. <\/strong>\u201cCe que je propose, c\u2019est d\u2019instaurer une plage horaire de deux heures par an pour que les \u00e9l\u00e8ves les plus \u00e2g\u00e9s puissent discuter des sc\u00e9narios de crise possibles et de la fa\u00e7on d\u2019y faire face\u201d, a d\u00e9clar\u00e9 le ministre de l\u2019Int\u00e9rieur allemand. Une nouveaut\u00e9, car dans la R\u00e9publique f\u00e9d\u00e9rale ce genre d\u2019initiative \u201cn\u2019est plus au programme depuis longtemps\u201d.<\/p>\n<p>\u201cLa proposition du ministre a \u00e9t\u00e9 bien re\u00e7ue par la tr\u00e8s influente Association des enseignants allemands (DL)\u201d, assure la<strong> <\/strong>cha\u00eene allemande. \u201cLa guerre, il faut le dire, est d\u00e9j\u00e0 depuis longtemps un th\u00e8me qui s\u2019est invit\u00e9 en classe\u201d, explique Stefan D\u00fcll, pr\u00e9sident de cette organisation, qui repr\u00e9sente quelque\u00a0165\u00a0000\u00a0enseignants. D\u2019apr\u00e8s lui, de nombreux enseignants r\u00e9pondent r\u00e9guli\u00e8rement aux questions d\u2019\u00e9l\u00e8ves inquiets vis-\u00e0-vis des bouleversements g\u00e9opolitiques.<\/p>\n<p><a class=\"ithalc\" data-ithal=\"lien_externe\" data-ithalc=\"[nav_article]\" target=\"_blank\" href=\"https:\/\/www.handelsblatt.com\/politik\/deutschland\/krisenvorsorge-muessen-deutsche-schueler-kriegstuechtig-werden\/100168991.html\" rel=\"noopener\">Mais selon <strong>Handelsblatt<\/strong><\/a><strong>, <\/strong>le projet a fait pol\u00e9mique au sein de la Conf\u00e9rence des ministres de l\u2019\u00c9ducation, o\u00f9 se retrouvent les repr\u00e9sentants des diff\u00e9rents L\u00e4nder pour \u201cd\u00e9cider de ce qui sera enseign\u00e9 dans les \u00e9coles\u201d. Si la droite chr\u00e9tienne et les Verts se sont montr\u00e9s plut\u00f4t favorables \u00e0 une tell<\/p>\n","protected":false},"excerpt":{"rendered":"\u201cCrises, guerres, catastrophes.\u201d L\u2019\u00e9cole doit-elle pr\u00e9parer les enfants \u00e0 ce genre d\u2019\u00e9v\u00e9nements dramatiques\u00a0? Alexander Dobrindt estime que oui,&hellip;\n","protected":false},"author":2,"featured_media":512363,"comment_status":"","ping_status":"","sticky":false,"template":"","format":"standard","meta":{"footnotes":""},"categories":[1587],"tags":[11,672,1804,1805,1803,1719,1777,674,1801,12,1802,1857,11084],"class_list":{"0":"post-512362","1":"post","2":"type-post","3":"status-publish","4":"format-standard","5":"has-post-thumbnail","7":"category-allemagne","8":"tag-actualites","9":"tag-allemagne","10":"tag-bundesrepublik-deutschland","11":"tag-de","12":"tag-deutschland","13":"tag-enfants","14":"tag-eu","15":"tag-europe","16":"tag-germany","17":"tag-news","18":"tag-republique-federale-dallemagne","19":"tag-sociu00e9tu00e9","20":"tag-u00e9ducation"},"share_on_mastodon":{"url":"https:\/\/pubeurope.com\/@fr\/115494338256407787","error":""},"_links":{"self":[{"href":"https:\/\/www.europesays.com\/fr\/wp-json\/wp\/v2\/posts\/512362","targetHints":{"allow":["GET"]}}],"collection":[{"href":"https:\/\/www.europesays.com\/fr\/wp-json\/wp\/v2\/posts"}],"about":[{"href":"https:\/\/www.europesays.com\/fr\/wp-json\/wp\/v2\/types\/post"}],"author":[{"embeddable":true,"href":"https:\/\/www.europesays.com\/fr\/wp-json\/wp\/v2\/users\/2"}],"replies":[{"embeddable":true,"href":"https:\/\/www.europesays.com\/fr\/wp-json\/wp\/v2\/comments?post=512362"}],"version-history":[{"count":0,"href":"https:\/\/www.europesays.com\/fr\/wp-json\/wp\/v2\/posts\/512362\/revisions"}],"wp:featuredmedia":[{"embeddable":true,"href":"https:\/\/www.europesays.com\/fr\/wp-json\/wp\/v2\/media\/512363"}],"wp:attachment":[{"href":"https:\/\/www.europesays.com\/fr\/wp-json\/wp\/v2\/media?parent=512362"}],"wp:term":[{"taxonomy":"category","embeddable":true,"href":"https:\/\/www.europesays.com\/fr\/wp-json\/wp\/v2\/categories?post=512362"},{"taxonomy":"post_tag","embeddable":true,"href":"https:\/\/www.europesays.com\/fr\/wp-json\/wp\/v2\/tags?post=512362"}],"curies":[{"name":"wp","href":"https:\/\/api.w.org\/{rel}","templated":true}]}}