{"id":512368,"date":"2025-11-05T00:50:20","date_gmt":"2025-11-05T00:50:20","guid":{"rendered":"https:\/\/www.europesays.com\/fr\/512368\/"},"modified":"2025-11-05T00:50:20","modified_gmt":"2025-11-05T00:50:20","slug":"nouvelle-blessure-de-dembele-pendant-psg-bayern","status":"publish","type":"post","link":"https:\/\/www.europesays.com\/fr\/512368\/","title":{"rendered":"Nouvelle blessure de Demb\u00e9l\u00e9 pendant PSG\/Bayern"},"content":{"rendered":"<p><strong>Ousmane Demb\u00e9l\u00e9, attaquant de 28 ans, \u00e9tait titulaire avec le Paris Saint-Germain afin d\u2019affronter le Bayern Munich lors de la 4e journ\u00e9e de la Ligue des Champions ce mercredi soir. Mais il a d\u00fb sortir \u00e0 la 25e minute \u00e0 cause d\u2019une nouvelle blessure.<\/strong><\/p>\n<blockquote class=\"twitter-tweet\" data-width=\"550\" data-dnt=\"true\">\n<p lang=\"fr\" dir=\"ltr\">26\u2019 Demb\u00e9l\u00e9 qui demande le changement et parle avec Hakimi, avant de sortir 0-1 <a href=\"https:\/\/twitter.com\/hashtag\/PSGBAY?src=hash&amp;ref_src=twsrc%5Etfw\" rel=\"nofollow noopener\" target=\"_blank\">#PSGBAY<\/a> <a href=\"https:\/\/t.co\/xJZykkfwWw\" rel=\"nofollow\">pic.twitter.com\/xJZykkfwWw<\/a><\/p>\n<p>\u2014 Dounia Mesli (@Mesli_Dounia) <a href=\"https:\/\/twitter.com\/Mesli_Dounia\/status\/1985807514227609826?ref_src=twsrc%5Etfw\" rel=\"nofollow noopener\" target=\"_blank\">November 4, 2025<\/a><\/p>\n<\/blockquote>\n<p>Un nouveau coup dur pour Demb\u00e9l\u00e9 et le PSG, apr\u00e8s d\u00e9j\u00e0 plus d\u2019un mois d\u2019absence du joueurccett saison et la nouvelle blessure de D\u00e9sir\u00e9 Dou\u00e9 il y a quelques jours. Esp\u00e9rons de relativement bonnes nouvelles. Au moins, il a pu sortir en courant.<\/p>\n<p>\t\t\t\t\t\t\t\t\t\t\t\t\t\t\t\t\t\t\t\t\t\t\t<img loading=\"lazy\" src=\"https:\/\/www.europesays.com\/fr\/wp-content\/uploads\/2025\/04\/ParisFans_Logo.png\" decoding=\"async\" class=\"lazyload\" width=\"240\" height=\"54\" data-eio-rwidth=\"240\" data-eio-rheight=\"54\"\/><\/p>\n<p>\t\t\t\t\t\t\t\t<script async src=\"https:\/\/platform.twitter.com\/widgets.js\" charset=\"utf-8\"><\/script><\/p>\n","protected":false},"excerpt":{"rendered":"Ousmane Demb\u00e9l\u00e9, attaquant de 28 ans, \u00e9tait titulaire avec le Paris Saint-Germain afin d\u2019affronter le Bayern Munich lors&hellip;\n","protected":false},"author":2,"featured_media":512369,"comment_status":"","ping_status":"","sticky":false,"template":"","format":"standard","meta":{"footnotes":""},"categories":[2],"tags":[11,1011,27,12,2782,25,96],"class_list":{"0":"post-512368","1":"post","2":"type-post","3":"status-publish","4":"format-standard","5":"has-post-thumbnail","7":"category-actualites","8":"tag-actualites","9":"tag-fr","10":"tag-france","11":"tag-news","12":"tag-ousmane-dembele","13":"tag-republique-francaise","14":"tag-une"},"share_on_mastodon":{"url":"https:\/\/pubeurope.com\/@fr\/115494350740573392","error":""},"_links":{"self":[{"href":"https:\/\/www.europesays.com\/fr\/wp-json\/wp\/v2\/posts\/512368","targetHints":{"allow":["GET"]}}],"collection":[{"href":"https:\/\/www.europesays.com\/fr\/wp-json\/wp\/v2\/posts"}],"about":[{"href":"https:\/\/www.europesays.com\/fr\/wp-json\/wp\/v2\/types\/post"}],"author":[{"embeddable":true,"href":"https:\/\/www.europesays.com\/fr\/wp-json\/wp\/v2\/users\/2"}],"replies":[{"embeddable":true,"href":"https:\/\/www.europesays.com\/fr\/wp-json\/wp\/v2\/comments?post=512368"}],"version-history":[{"count":0,"href":"https:\/\/www.europesays.com\/fr\/wp-json\/wp\/v2\/posts\/512368\/revisions"}],"wp:featuredmedia":[{"embeddable":true,"href":"https:\/\/www.europesays.com\/fr\/wp-json\/wp\/v2\/media\/512369"}],"wp:attachment":[{"href":"https:\/\/www.europesays.com\/fr\/wp-json\/wp\/v2\/media?parent=512368"}],"wp:term":[{"taxonomy":"category","embeddable":true,"href":"https:\/\/www.europesays.com\/fr\/wp-json\/wp\/v2\/categories?post=512368"},{"taxonomy":"post_tag","embeddable":true,"href":"https:\/\/www.europesays.com\/fr\/wp-json\/wp\/v2\/tags?post=512368"}],"curies":[{"name":"wp","href":"https:\/\/api.w.org\/{rel}","templated":true}]}}