{"id":512374,"date":"2025-11-05T00:53:13","date_gmt":"2025-11-05T00:53:13","guid":{"rendered":"https:\/\/www.europesays.com\/fr\/512374\/"},"modified":"2025-11-05T00:53:13","modified_gmt":"2025-11-05T00:53:13","slug":"win-tour-fuchs-amsallem-et-guillon-montent-sur-lalps-tour","status":"publish","type":"post","link":"https:\/\/www.europesays.com\/fr\/512374\/","title":{"rendered":"Win Tour : Fuchs, Amsallem et Guillon montent sur l&rsquo;Alps Tour"},"content":{"rendered":"<p><a href=\"https:\/\/www.wintourgolf.com\/sinscrire\/livescoring#\/competition\/4920375\/leaderboard\" title=\"Aix-Marseille\" class=\"cta cta--custom_tag me-lg-10 m-10\" target=\"_blank\" rel=\"nofollow noopener\"><br \/>\n    R\u00e9sultats Aix-Marseille<br \/>\n<\/a><br \/>\n\u00a0<a href=\"https:\/\/www.wintourgolf.com\/sinscrire\/livescoring#\/competition\/4920373\/leaderboard\" title=\"Grande Bastide\" class=\"cta cta--custom_tag me-lg-10 m-10\" target=\"_blank\" rel=\"nofollow noopener\"><br \/>\n    R\u00e9sultats Grande Bastide<br \/>\n<\/a>\n<\/p>\n<p>Lanc\u00e9 en juillet 2020 par <strong>Stanislas Caturla<\/strong>, le <strong>Win Tour <\/strong>a boucl\u00e9 la semaine derni\u00e8re sa cinqui\u00e8me saison compl\u00e8te. De d\u00e9but f\u00e9vrier \u00e0 fin octobre, le circuit professionnel g\u00e9r\u00e9 depuis janvier 2023 par la soci\u00e9t\u00e9 <strong>Win Events<\/strong> &#8211; au sein de laquelle<strong> K\u00e9vin Turlan <\/strong>et <strong>S\u00e9bastien Gros<\/strong> ont rejoint Caturla &#8211; a propos\u00e9 six dates dans tout l&rsquo;Hexagone : cinq tournois \u00ab r\u00e9guliers \u00bb sur un tour dot\u00e9s chacun de 10 000 \u20ac, et l&rsquo;<strong>Omnium Nedey Classic<\/strong>, une \u00e9preuve de plus grande ampleur jou\u00e9e fin septembre sur trois tours au <strong>Golf de Prunevelle<\/strong>, offrant 30 000 \u20ac de prize money.<\/p>\n<p>Les deux derniers, organis\u00e9s respectivement mardi 28 octobre au <strong>Golf d&rsquo;Aix-Marseille<\/strong> et jeudi 30 octobre au <strong>Golf de la Grande Bastide<\/strong>, se sont conclus de la m\u00eame fa\u00e7on : par la victoire d&rsquo;<strong>Alexandre Fuchs<\/strong>. Vainqueur en 65 (-7) puis en 65 (-6), l&rsquo;Azur\u00e9en a rafl\u00e9 le jackpot en terminant au sommet de l&rsquo;ordre du m\u00e9rite du circuit, qui retenait les joueurs ayant particip\u00e9 \u00e0 au moins quatre \u00e9preuves en 2025. En guise de r\u00e9compense, il s&rsquo;est vu offrir une cat\u00e9gorie 7 sur l&rsquo;<strong>Alps Tour<\/strong>, la troisi\u00e8me division europ\u00e9enne.<\/p>\n<p>Respectivement 2e et 3e de la <strong>Race to Alps Tour<\/strong>, <strong>Hugo Amsallem <\/strong>et <strong>Romain Guillon <\/strong>ont re\u00e7u des cat\u00e9gories 8 et 9, qui leur permettront \u00e9galement d&rsquo;\u00e9voluer sur le circuit satellite d&rsquo;Europe occidentale la saison prochaine.<\/p>\n<p><a href=\"https:\/\/www.wintourgolf.com\/sinscrire\/livescoring#\/orderofmerit\/236959\" title=\"Race\" class=\"cta cta--custom_tag me-lg-10 m-10\" target=\"_blank\" rel=\"nofollow noopener\"><br \/>\n    Classement Race to Alps Tour<br \/>\n<\/a><\/p>\n","protected":false},"excerpt":{"rendered":"R\u00e9sultats Aix-Marseille \u00a0 R\u00e9sultats Grande Bastide Lanc\u00e9 en juillet 2020 par Stanislas Caturla, le Win Tour a boucl\u00e9&hellip;\n","protected":false},"author":2,"featured_media":512375,"comment_status":"","ping_status":"","sticky":false,"template":"","format":"standard","meta":{"footnotes":""},"categories":[1418],"tags":[1011,27,1472,60],"class_list":{"0":"post-512374","1":"post","2":"type-post","3":"status-publish","4":"format-standard","5":"has-post-thumbnail","7":"category-golf","8":"tag-fr","9":"tag-france","10":"tag-golf","11":"tag-sports"},"share_on_mastodon":{"url":"https:\/\/pubeurope.com\/@fr\/115494361699181010","error":""},"_links":{"self":[{"href":"https:\/\/www.europesays.com\/fr\/wp-json\/wp\/v2\/posts\/512374","targetHints":{"allow":["GET"]}}],"collection":[{"href":"https:\/\/www.europesays.com\/fr\/wp-json\/wp\/v2\/posts"}],"about":[{"href":"https:\/\/www.europesays.com\/fr\/wp-json\/wp\/v2\/types\/post"}],"author":[{"embeddable":true,"href":"https:\/\/www.europesays.com\/fr\/wp-json\/wp\/v2\/users\/2"}],"replies":[{"embeddable":true,"href":"https:\/\/www.europesays.com\/fr\/wp-json\/wp\/v2\/comments?post=512374"}],"version-history":[{"count":0,"href":"https:\/\/www.europesays.com\/fr\/wp-json\/wp\/v2\/posts\/512374\/revisions"}],"wp:featuredmedia":[{"embeddable":true,"href":"https:\/\/www.europesays.com\/fr\/wp-json\/wp\/v2\/media\/512375"}],"wp:attachment":[{"href":"https:\/\/www.europesays.com\/fr\/wp-json\/wp\/v2\/media?parent=512374"}],"wp:term":[{"taxonomy":"category","embeddable":true,"href":"https:\/\/www.europesays.com\/fr\/wp-json\/wp\/v2\/categories?post=512374"},{"taxonomy":"post_tag","embeddable":true,"href":"https:\/\/www.europesays.com\/fr\/wp-json\/wp\/v2\/tags?post=512374"}],"curies":[{"name":"wp","href":"https:\/\/api.w.org\/{rel}","templated":true}]}}