{"id":512380,"date":"2025-11-05T01:00:23","date_gmt":"2025-11-05T01:00:23","guid":{"rendered":"https:\/\/www.europesays.com\/fr\/512380\/"},"modified":"2025-11-05T01:00:23","modified_gmt":"2025-11-05T01:00:23","slug":"le-velo-y-est-pourtant-interdit","status":"publish","type":"post","link":"https:\/\/www.europesays.com\/fr\/512380\/","title":{"rendered":"le v\u00e9lo y est pourtant interdit"},"content":{"rendered":"<p>            Par<br \/>\n        <strong><br \/>\n            <a href=\"https:\/\/actu.fr\/auteur\/thibaut-calatayud\" title=\"Consulter tous les articles de Thibaut Calatayud\" target=\"_blank\" rel=\"noopener\">Thibaut Calatayud<\/a><br \/>\n        <\/strong><\/p>\n<p>        Publi\u00e9 le<\/p>\n<p>            4 nov. 2025 \u00e0 15h47        <\/p>\n<p>C\u2019est un paradoxe. Chaque ann\u00e9e, la commune de <strong>Castelnou<\/strong> (Pyr\u00e9n\u00e9es-Orientales) accueille une multitude de cyclistes catalans et venus d\u2019ailleurs. Pourtant, la travers\u00e9e des rues du village historique \u2013 <a href=\"https:\/\/actu.fr\/occitanie\/perpignan_66136\/envie-de-se-ressourcer-a-moins-d-1h-de-perpignan-ces-villages-sont-parmi-les-plus-beaux-de-france_52751115.html\" target=\"_blank\" rel=\"noopener\">c\u2019est l\u2019un des plus beaux de France<\/a> \u2013 est <strong>interdite aux deux-roues<\/strong>. Ici, les cyclistes sont oblig\u00e9s de mettre le pied \u00e0 terre. \u00ab\u2009Ce n\u2019est pas parce qu\u2019on est des anti-v\u00e9los\u2009! C\u2019est une question de s\u00e9curit\u00e9, en raison du marbre au sol. Il peut \u00eatre tr\u00e8s glissant\u2009\u00bb, explique le maire Michel Hug\u00e9.<\/p>\n<p class=\" wall-content\">Pour pouvoir accueillir ce public toujours plus nombreux, la municipalit\u00e9 a candidat\u00e9 \u00e0 un appel \u00e0 projets du D\u00e9partement. L\u2019id\u00e9e \u00e9tait de cr\u00e9er un lieu qui permettrait d\u2019accueillir convenablement les cyclistes et leur donner la possibilit\u00e9 de d\u00e9ambuler, \u00e0 pied, dans les rues pittoresques de Castelnou.<\/p>\n<p>Un nouvel espace d\u00e9di\u00e9 aux cyclistes<\/p>\n<p class=\" wall-content\">Ce mardi 4\u00a0novembre 2025, le Conseil d\u00e9partemental et la commune ont officiellement inaugur\u00e9 une aire de services, install\u00e9e en contrebas du parking du ch\u00e2teau. Cet espace en pierre, flambant neuf, propose une <strong>station de r\u00e9paration<\/strong> (on y trouve plusieurs outils, dont une pompe pour regonfler ses pneus), des <strong>sanitaires<\/strong> (WC et robinet pour remplir les gourdes) et des <strong>rangements pour les v\u00e9los<\/strong>.<\/p>\n<p class=\" wall-content\">Des racks traditionnels permettront aux cyclistes d\u2019accrocher leur b\u00e9cane \u00e0 l\u2019aide de leur propre cadenas. Il y a aussi des box ferm\u00e9s pour mettre les v\u00e9los. Certains sont raccord\u00e9s \u00e0 l\u2019\u00e9lectricit\u00e9 et permettent de<strong> recharger la batterie d\u2019un v\u00e9lo \u00e0 assistance \u00e9lectrique<\/strong> (VAE). \u00ab\u2009Cela fonctionne comme un casier \u00e0 la piscine. Et c\u2019est gratuit\u2009\u00bb, pr\u00e9cise Michel Hug\u00e9.<\/p>\n<p>    <img   decoding=\"async\" loading=\"lazy\" src=\"https:\/\/www.europesays.com\/fr\/wp-content\/uploads\/2025\/11\/castelnou-4-960x640.jpg\" alt=\"La nouvelle aire de services d\u00e9di\u00e9e aux cyclistes se situe en contrebas du parking du ch\u00e2teau de Castelnou (Pyr\u00e9n\u00e9es-Orientales).\" width=\"960\" height=\"640\"\/><br \/>\n    La nouvelle aire de services d\u00e9di\u00e9e aux cyclistes se situe en contrebas du parking du ch\u00e2teau de Castelnou (Pyr\u00e9n\u00e9es-Orientales). (\u00a9Thibaut Calatayud \/ Actu Perpignan)<\/p>\n<p class=\" wall-content\">Les travaux sont presque termin\u00e9s. Dans les prochaines semaines, des <strong>tables pour pique-niquer<\/strong> seront install\u00e9es sous l\u2019une des charpentes de cette maisonnette qui s\u2019int\u00e8gre parfaitement au paysage de Castelnou.<\/p>\n<p class=\" wall-content\">Ce projet a co\u00fbt\u00e9 <strong>85\u2009000\u00a0euros<\/strong>. 80\u2009% de cette somme a \u00e9t\u00e9 financ\u00e9e par le D\u00e9partement. \u00ab\u2009Tout ce qu\u2019on fait pour les touristes, on le fait avant tout pour que les habitants des Pyr\u00e9n\u00e9es-Orientales en profitent\u2009\u00bb, tient \u00e0 souligner Hermeline Malherbe, la pr\u00e9sidente (PS) du Conseil d\u00e9partemental.<\/p>\n<p>Votre r\u00e9gion, votre actu !<\/p>\n<p>Recevez chaque jour les infos qui comptent pour vous.<\/p>\n<p>\t<a href=\"https:\/\/actu.fr\/newsletter\" class=\"ac-btn ac-btn--corner ac-btn--medium ac-btn--blue800\" target=\"_blank\" rel=\"noopener\">S&rsquo;incrire<\/a><br \/>\nUne nouvelle voie cyclable va voir le jour<\/p>\n<p class=\" wall-content\">Toujours dans cette volont\u00e9 de favoriser les mobilit\u00e9s douces, Hermeline Malherbe a confirm\u00e9 l\u2019imminence de la cr\u00e9ation d\u2019une<strong> nouvelle voie cyclable sur le chemin du Pla de Railla<\/strong>, entre la RD615 et la RD612.<\/p>\n<p class=\" wall-content\">Ce tron\u00e7on cyclable, long de 6 kilom\u00e8tres, passera par la route communale qui permet de relier le village de Castelnou au<strong> lieu-dit de l\u2019Auxineill<\/strong>. Il permettra de rejoindre l\u2019actuelle <strong>v\u00e9loroute des Aspres<\/strong>, qui connecte Thuir au Boulou. \u00ab\u2009La piste ne traversera pas le lotissement de l\u2019Auxineill. Elle passera par le bas du lieu-dit, le long du Castelnou (le cours d\u2019eau, ndlr)\u2009\u00bb, d\u00e9taille la pr\u00e9sidente.<\/p>\n<p>    <a href=\"https:\/\/www.google.com\/maps\/embed?pb=!1m18!1m12!1m3!1d18103.923244658807!2d2.704042178959309!3d42.64576633445618!2m3!1f0!2f0!3f0!3m2!1i1024!2i768!4f13.1!3m3!1m2!1s0x12b00dc0ad869031%3A0xa3cf305f5e85d420!2sPla%20de%20Railla%2C%2066300!5e0!3m2!1sfr!2sfr!4v1762264637071!5m2!1sfr!2sfr\" title=\"Ouvrie le lien\" target=\"_blank\" rel=\"noopener\">Cliquez ici pour visualiser le contenu<\/a><\/p>\n<p class=\" wall-content\">Le co\u00fbt (hors taxes) de ce projet est estim\u00e9 \u00e0 <strong>plus de 300\u2009000\u00a0euros\u00a0<\/strong>pour le moment. La majorit\u00e9 de la somme sera r\u00e9gl\u00e9e par le D\u00e9partement, le reste \u00e9tant \u00e0 la charge de la communaut\u00e9 de communes des Aspres.<\/p>\n<p class=\" wall-content\">Le d\u00e9but du chantier pourrait intervenir entre la fin d\u2019ann\u00e9e 2025 et le d\u00e9but 2026. Les travaux ne devraient pas durer plus d\u2019un an, m\u00eame si les op\u00e9rations s\u2019annoncent d\u00e9licates au niveau des lacets de la route entre l\u2019Auxineill et le centre historique de Castelnou.<\/p>\n<p class=\" wall-content\">Personnalisez votre actualit\u00e9 en ajoutant vos villes et m\u00e9dias en favori avec <a href=\"https:\/\/moncompte.actu.fr\" title=\"D\u00e9couvez Mon Actu\" rel=\"nofollow noopener\" data-trk=\"{&quot;cta&quot;:{&quot;action&quot;:&quot;https:\\\/\\\/moncompte.actu.fr&quot;,&quot;category&quot;:&quot;mon compte&quot;,&quot;from&quot;:&quot;article footer&quot;,&quot;name&quot;:&quot;Mon actu&quot;,&quot;type&quot;:&quot;cta&quot;}}\" target=\"_blank\">Mon Actu<\/a>.<\/p>\n","protected":false},"excerpt":{"rendered":"Par Thibaut Calatayud Publi\u00e9 le 4 nov. 2025 \u00e0 15h47 C\u2019est un paradoxe. Chaque ann\u00e9e, la commune de&hellip;\n","protected":false},"author":2,"featured_media":512381,"comment_status":"","ping_status":"","sticky":false,"template":"","format":"standard","meta":{"footnotes":""},"categories":[1411],"tags":[1154,207,1011,27,4798,104,60,208],"class_list":{"0":"post-512380","1":"post","2":"type-post","3":"status-publish","4":"format-standard","5":"has-post-thumbnail","7":"category-cyclisme","8":"tag-cycling","9":"tag-cyclisme","10":"tag-fr","11":"tag-france","12":"tag-pistes-cyclables","13":"tag-societe","14":"tag-sports","15":"tag-velo"},"share_on_mastodon":{"url":"https:\/\/pubeurope.com\/@fr\/115494389812240342","error":""},"_links":{"self":[{"href":"https:\/\/www.europesays.com\/fr\/wp-json\/wp\/v2\/posts\/512380","targetHints":{"allow":["GET"]}}],"collection":[{"href":"https:\/\/www.europesays.com\/fr\/wp-json\/wp\/v2\/posts"}],"about":[{"href":"https:\/\/www.europesays.com\/fr\/wp-json\/wp\/v2\/types\/post"}],"author":[{"embeddable":true,"href":"https:\/\/www.europesays.com\/fr\/wp-json\/wp\/v2\/users\/2"}],"replies":[{"embeddable":true,"href":"https:\/\/www.europesays.com\/fr\/wp-json\/wp\/v2\/comments?post=512380"}],"version-history":[{"count":0,"href":"https:\/\/www.europesays.com\/fr\/wp-json\/wp\/v2\/posts\/512380\/revisions"}],"wp:featuredmedia":[{"embeddable":true,"href":"https:\/\/www.europesays.com\/fr\/wp-json\/wp\/v2\/media\/512381"}],"wp:attachment":[{"href":"https:\/\/www.europesays.com\/fr\/wp-json\/wp\/v2\/media?parent=512380"}],"wp:term":[{"taxonomy":"category","embeddable":true,"href":"https:\/\/www.europesays.com\/fr\/wp-json\/wp\/v2\/categories?post=512380"},{"taxonomy":"post_tag","embeddable":true,"href":"https:\/\/www.europesays.com\/fr\/wp-json\/wp\/v2\/tags?post=512380"}],"curies":[{"name":"wp","href":"https:\/\/api.w.org\/{rel}","templated":true}]}}