{"id":512386,"date":"2025-11-05T01:03:11","date_gmt":"2025-11-05T01:03:11","guid":{"rendered":"https:\/\/www.europesays.com\/fr\/512386\/"},"modified":"2025-11-05T01:03:11","modified_gmt":"2025-11-05T01:03:11","slug":"attention-a-ces-faux-portraits-des-cambrioleurs-du-louvre-20-minutes","status":"publish","type":"post","link":"https:\/\/www.europesays.com\/fr\/512386\/","title":{"rendered":"Attention \u00e0 ces faux portraits des cambrioleurs du Louvre &#8211; 20 Minutes"},"content":{"rendered":"<ol>\n<li><a href=\"https:\/\/news.google.com\/rss\/articles\/CBMipAFBVV95cUxOYzNhQVVTWHp0S1lvOW0yVllaZ2o2Sk9WMV85SDNmODV1M0RLd05QSUkwRjNlZXRUWVQ5YzNwUHR0bDlwQ2daRlFqT25VOFVDclVYbmJFRDRIVDFwenY4X2dXejVhWmlOTDV4Q2F6R2NfN2dGWFEzWE54VzRTR000OEltTnVPbU1MeThudzEtblZyM3h5eG5uVk5ib01KVGZBMjFLcA?oc=5\" target=\"_blank\" rel=\"nofollow noopener\">Attention \u00e0 ces faux portraits des cambrioleurs du Louvre<\/a>&nbsp;&nbsp;20 Minutes<\/li>\n<li><a href=\"https:\/\/news.google.com\/rss\/articles\/CBMinAJBVV95cUxPQXFZZy1NQXBHa1hNbHdZc1J3eHZTaXhuTVBTeU5nUWZFV2ZpMjJoMk5tRGlLaWVOcHE3MFBlV01Fdi05YklWRDFMTDhDTFcyT2thNDZVZ19RZi16aVdKOWxaMm1NVFJVaHpOaGVVWEpZUnk4TVRlZGVtbDhFS3F3ekhxRExlT1FubXBKSVduTHBhZkliejBvcmVhS3NzQlRQSC1ELUlTbW5fYkNnSFRPb3VVcEU0WExoN0Q4UDFCeHNmTkVGUng3eTMwOEMxOEdOMFRxZ0RZRDlzMm1VRlRob19lXzd0VW5RNWJRS1hTcHhRY19PZ1BrUWhCbVdQMlJLcTFDUnJXQk5LdFlUWXpoM0JjTEpOYTZ2dnczag?oc=5\" target=\"_blank\" rel=\"nofollow noopener\">Derri\u00e8re le casse du si\u00e8cle au Louvre, le d\u00e9concertant \u00ab Doudou Cross Bitume \u00bb, voleur pr\u00e9sum\u00e9 de la galerie d\u2019Apollon<\/a>&nbsp;&nbsp;Le Parisien<\/li>\n<li><a href=\"https:\/\/news.google.com\/rss\/articles\/CBMisgFBVV95cUxQa29VWEJYRkJNb1JlRDJxSUxKcFN6YTlnRnotVjY3OHlRWGxhUHcwSW5LQTI5cXEyNDA3aDc0T0VQY0N0WXl3b0JkR0RVNFllX3Q1bUwyeDluQlFJb2JrTDZ1Wi1xcU1aNHNDVTI1OURyczZUeGRWX0g3ZnhJR0I4ZDJCMUdXZkg0M2lyVldrVEUwLU0zTDQtTHFDLXdXTWRNZUFrV3dCbEhmOU1INmxLMGZR?oc=5\" target=\"_blank\" rel=\"nofollow noopener\">Le mot \u00ab Louvre \u00bb utilis\u00e9 comme mot de passe par la surveillance du mus\u00e9e ?<\/a>&nbsp;&nbsp;20 Minutes<\/li>\n<li><a href=\"https:\/\/news.google.com\/rss\/articles\/CBMi6AFBVV95cUxQanNSanRnNGV1QTRGdGk3NjRqNnFWLXdHMV9lU20yYlczbllTb2wwUEVOT19FdmlsMmgtU21jN09OREJSUnlCSlh0QVY0QVlBLUdnT1lJM3NvMDFlM280Z2VJRUlwR3RGbjZCcTd3eU5YTHlCd3pZM3FkNlhqVExPUGhSMUxqdUNIX2h3cmJ1VmxxS0doN0tFNjRMZ3RkV2h5bzZ4Tkg1WFFqajNfeFBMTDJVeE5CQ0tBZG81Y2s4Yy1teldpT0ZzTEZ1WW5Cd2kxcjh1ZkJ4VU8zTjZoLWYyNUtobVlDSFUw?oc=5\" target=\"_blank\" rel=\"nofollow noopener\">Le profil \u00e9tonnant d&rsquo;un des cambrioleurs pr\u00e9sum\u00e9s impliqu\u00e9s dans le cambriolage au Louvre<\/a>&nbsp;&nbsp;BFMTV<\/li>\n<li><a href=\"https:\/\/news.google.com\/rss\/articles\/CBMiuwJBVV95cUxPVXBmV3RHVkRtMWxudHVXTzZuaEFfTXpORk80cXdrbjVISVdGenB6LUdwd1BqeGlqcG4zc3pXN2RqUmRnSG5XMHliNWlIcHl1TmxRcHBabDJXc0ZCbDV0QmxFSHZkc0pnSTRMOHZCSjZyeURJd29kOVhreTNkRGF2c1RFQ0xDem1ic2o1ZU5IN2xkSmdYQ0o3S19BeTRjVC1naDI5WW5KRGlzNWdCcldZV1JiZ0pKNzEzeGhXOFB3azJGbVpEMDBQa2k0cDZiLU84ZTJtQk92aVA4QkszYi1vRkZ5Q19Va3Nadll6aG5BVTM0bS12ZV9rcFNXVUVieEpaeTdENzNRQWRCQ1JHN09HZ19id0JhU1N4RWRGMEU3SHZCdDgzOERzZzFOVnBYcnRQU2RfZHFyQW1kbnM?oc=5\" target=\"_blank\" rel=\"nofollow noopener\">\u00abLouvre\u00bb en mot de passe, logiciels obsol\u00e8tes, mises \u00e0 jour impossibles\u2026 Dix ans de failles dans la s\u00e9curit\u00e9 informatique du premier mus\u00e9e au monde<\/a>&nbsp;&nbsp;Lib\u00e9ration<\/li>\n<\/ol>\n","protected":false},"excerpt":{"rendered":"Attention \u00e0 ces faux portraits des cambrioleurs du Louvre&nbsp;&nbsp;20 Minutes Derri\u00e8re le casse du si\u00e8cle au Louvre, le&hellip;\n","protected":false},"author":2,"featured_media":512387,"comment_status":"","ping_status":"","sticky":false,"template":"","format":"standard","meta":{"footnotes":""},"categories":[1358],"tags":[47,1348,1384,1385,1386,58,59,73,840,1011,27,303,11274],"class_list":{"0":"post-512386","1":"post","2":"type-post","3":"status-publish","4":"format-standard","5":"has-post-thumbnail","7":"category-arts-et-design","8":"tag-actualite","9":"tag-arts","10":"tag-arts-and-design","11":"tag-arts-et-design","12":"tag-design","13":"tag-divertissement","14":"tag-entertainment","15":"tag-etats-unis","16":"tag-fake-off","17":"tag-fr","18":"tag-france","19":"tag-justice","20":"tag-louvre"},"share_on_mastodon":{"url":"https:\/\/pubeurope.com\/@fr\/115494401032737719","error":""},"_links":{"self":[{"href":"https:\/\/www.europesays.com\/fr\/wp-json\/wp\/v2\/posts\/512386","targetHints":{"allow":["GET"]}}],"collection":[{"href":"https:\/\/www.europesays.com\/fr\/wp-json\/wp\/v2\/posts"}],"about":[{"href":"https:\/\/www.europesays.com\/fr\/wp-json\/wp\/v2\/types\/post"}],"author":[{"embeddable":true,"href":"https:\/\/www.europesays.com\/fr\/wp-json\/wp\/v2\/users\/2"}],"replies":[{"embeddable":true,"href":"https:\/\/www.europesays.com\/fr\/wp-json\/wp\/v2\/comments?post=512386"}],"version-history":[{"count":0,"href":"https:\/\/www.europesays.com\/fr\/wp-json\/wp\/v2\/posts\/512386\/revisions"}],"wp:featuredmedia":[{"embeddable":true,"href":"https:\/\/www.europesays.com\/fr\/wp-json\/wp\/v2\/media\/512387"}],"wp:attachment":[{"href":"https:\/\/www.europesays.com\/fr\/wp-json\/wp\/v2\/media?parent=512386"}],"wp:term":[{"taxonomy":"category","embeddable":true,"href":"https:\/\/www.europesays.com\/fr\/wp-json\/wp\/v2\/categories?post=512386"},{"taxonomy":"post_tag","embeddable":true,"href":"https:\/\/www.europesays.com\/fr\/wp-json\/wp\/v2\/tags?post=512386"}],"curies":[{"name":"wp","href":"https:\/\/api.w.org\/{rel}","templated":true}]}}