{"id":512388,"date":"2025-11-05T01:05:24","date_gmt":"2025-11-05T01:05:24","guid":{"rendered":"https:\/\/www.europesays.com\/fr\/512388\/"},"modified":"2025-11-05T01:05:24","modified_gmt":"2025-11-05T01:05:24","slug":"non-cest-celui-davant-video","status":"publish","type":"post","link":"https:\/\/www.europesays.com\/fr\/512388\/","title":{"rendered":"\u00ab\u00a0Non, c&rsquo;est celui d&rsquo;avant&#8230;\u00a0\u00bb (VIDEO)"},"content":{"rendered":"<p>Ce mardi 4 novembre 2025, dans C \u00e0 Vous sur France 5, Anne-\u00c9lisabeth Lemoine a re\u00e7u J\u00e9r\u00f4me Commandeur, Fran\u00e7ois Damiens et Vanessa Paradis pour parler avec eux du film T&rsquo;as pas chang\u00e9. Mais pendant leur \u00e9change, l&rsquo;animatrice a commis une bourde sur un nouveau projet de la chanteuse.<\/p>\n<p>Du lundi au jeudi, Anne-\u00c9lisabeth Lemoine pr\u00e9sente son \u00e9mission C \u00e0 Vous sur France 5. Avec ses chroniqueurs, elle re\u00e7oit un ou plusieurs invit\u00e9s avec lesquels elle \u00e9change sur leur actualit\u00e9, mais aussi sur leur carri\u00e8re. Ce mardi 4 novembre 2025, <a href=\"https:\/\/www.programme-tv.net\/biographie\/1921880-commandeur-jerome\/\" data-link-people=\"f36f1aac-a4ea-4914-a941-3fd0fb13ef1d\" rel=\"nofollow noopener\" target=\"_blank\">J\u00e9r\u00f4me Commandeur<\/a> a d\u00e9barqu\u00e9 sur le plateau pour pr\u00e9senter son tout nouveau film baptis\u00e9 T&rsquo;as pas chang\u00e9, en salles ce mercredi 5 novembre 2025 et dans lequel <a href=\"https:\/\/www.programme-tv.net\/biographie\/59635-damiens-francois\/\" data-link-people=\"e1d08d4b-283c-4e6e-b172-f7169a0f6f0e\" rel=\"nofollow noopener\" target=\"_blank\">Fran\u00e7ois Damiens<\/a> et Vanessa Paradis jouent. Ils \u00e9taient d&rsquo;ailleurs eux aussi pr\u00e9sents pour partager avec l&rsquo;\u00e9quipe leur exp\u00e9rience lors de ce tournage. Ainsi, <a href=\"https:\/\/www.programme-tv.net\/news\/people\/389532-j-etais-une-maman-anonyme-vanessa-paradis-se-confie-sur-sa-vie-de-mere-de-deux-enfants-expatriee-a-los-angeles-avec-johnny-depp\/\" data-api-deeplink=\"teleloisirs:\/\/news\/389532\" rel=\"nofollow noopener\" target=\"_blank\">l&rsquo;ex de Johnny Depp<\/a> a r\u00e9v\u00e9l\u00e9 pourquoi elle a accept\u00e9 de participer \u00e0 ce projet. \u00ab\u00a0Je suis une fan du travail de J\u00e9r\u00f4me Commandeur. Qu&rsquo;il ait fait appel \u00e0 moi pour jouer aux c\u00f4t\u00e9s de lui, de Fran\u00e7ois, de <a href=\"https:\/\/www.programme-tv.net\/biographie\/57196-lafitte-laurent\/\" data-link-people=\"72212ffe-1945-4dd5-9425-d1c1475c9864\" rel=\"nofollow noopener\" target=\"_blank\">Laurent Lafitte<\/a>, d&rsquo;\u00eatre moi la fille qui va \u00eatre en face de ces trois acteurs incroyables et si dr\u00f4les, je n&rsquo;en menais pas large. C&rsquo;est pour \u00e7a que j&rsquo;y suis all\u00e9e\u00a0\u00bb, a-t-elle dit.<\/p>\n<p>                        C \u00e0 Vous : La bourde d&rsquo;Anne-\u00c9lisabeth Lemoine sur le nouveau projet de Vanessa Paradis<\/p>\n<p>Apr\u00e8s avoir \u00e9voqu\u00e9 une sc\u00e8ne en particulier du film, Anne-\u00c9lisabeth Lemoine a indiqu\u00e9 aux t\u00e9l\u00e9spectateurs que Vanessa Paradis fera son retour dans<b> <\/b>C \u00e0 Vous pour une autre actualit\u00e9. Sauf qu&rsquo;elle a fait une bourde sur le titre du projet en question. \u00ab\u00a0On sera heureuse de vous recevoir dans quelques semaines, je crois, pour \u00e9voquer votre nouvel album. C&rsquo;est votre grand retour \u00e0 la chanson et en studio, \u00e7a faisait sept ans que c&rsquo;\u00e9tait pas le cas, \u00e7a s&rsquo;appelle &lsquo;Les Sources'\u00a0\u00bb. \u00ab\u00a0<b>Non, c&rsquo;est celui d&rsquo;avant<\/b>\u00ab\u00a0, l&rsquo;a coup\u00e9e la chanteuse. \u00ab\u00a0Votre grand retour avec celui d&rsquo;avant il y sept ans\u00a0\u00bb, a alors ironis\u00e9 la principale int\u00e9ress\u00e9e. Et de pr\u00e9ciser : \u00ab\u00a0Je vois &lsquo;Les Sources&rsquo; et je vois bien que c&rsquo;est beaucoup plus long que mon titre, mais je suis myope\u00a0\u00bb.<\/p>\n<p>            \u00ab\u00a0On a affaire \u00e0 un \u00eatre humain\u00a0\u00bb : Vanessa Paradis prend la d\u00e9fense d&rsquo;Anne-\u00c9lisabeth Lemoine apr\u00e8s l&rsquo;avoir reprise dans C \u00e0 Vous <\/p>\n<p>Anne-\u00c9lisabeth Lemoine a ensuite redit le titre de l&rsquo;album en faisant une nouvelle fois une faute. Au lieu de dire \u00ab\u00a0Le retour des beaux jours\u00a0\u00bb, elle a dit \u00ab\u00a0Le retour des jolies choses\u00a0\u00bb. Mais Vanessa Paradis n&rsquo;en a pas tenu rigueur. \u00ab\u00a0<b>On a affaire \u00e0 un \u00eatre humain<\/b>\u00ab\u00a0, l&rsquo;a-t-elle d\u00e9fendue.<\/p>\n","protected":false},"excerpt":{"rendered":"Ce mardi 4 novembre 2025, dans C \u00e0 Vous sur France 5, Anne-\u00c9lisabeth Lemoine a re\u00e7u J\u00e9r\u00f4me Commandeur,&hellip;\n","protected":false},"author":2,"featured_media":512389,"comment_status":"","ping_status":"","sticky":false,"template":"","format":"standard","meta":{"footnotes":""},"categories":[1356],"tags":[5631,4470,244,58,59,1011,27,4467,252,1364,10245,1630],"class_list":{"0":"post-512388","1":"post","2":"type-post","3":"status-publish","4":"format-standard","5":"has-post-thumbnail","7":"category-television","8":"tag-anne-elisabeth-lemoine","9":"tag-c-u00e0-vous","10":"tag-commentaire","11":"tag-divertissement","12":"tag-entertainment","13":"tag-fr","14":"tag-france","15":"tag-france-5","16":"tag-television","17":"tag-tv","18":"tag-vanessa-paradis","19":"tag-zapping"},"share_on_mastodon":{"url":"https:\/\/pubeurope.com\/@fr\/115494408928508032","error":""},"_links":{"self":[{"href":"https:\/\/www.europesays.com\/fr\/wp-json\/wp\/v2\/posts\/512388","targetHints":{"allow":["GET"]}}],"collection":[{"href":"https:\/\/www.europesays.com\/fr\/wp-json\/wp\/v2\/posts"}],"about":[{"href":"https:\/\/www.europesays.com\/fr\/wp-json\/wp\/v2\/types\/post"}],"author":[{"embeddable":true,"href":"https:\/\/www.europesays.com\/fr\/wp-json\/wp\/v2\/users\/2"}],"replies":[{"embeddable":true,"href":"https:\/\/www.europesays.com\/fr\/wp-json\/wp\/v2\/comments?post=512388"}],"version-history":[{"count":0,"href":"https:\/\/www.europesays.com\/fr\/wp-json\/wp\/v2\/posts\/512388\/revisions"}],"wp:featuredmedia":[{"embeddable":true,"href":"https:\/\/www.europesays.com\/fr\/wp-json\/wp\/v2\/media\/512389"}],"wp:attachment":[{"href":"https:\/\/www.europesays.com\/fr\/wp-json\/wp\/v2\/media?parent=512388"}],"wp:term":[{"taxonomy":"category","embeddable":true,"href":"https:\/\/www.europesays.com\/fr\/wp-json\/wp\/v2\/categories?post=512388"},{"taxonomy":"post_tag","embeddable":true,"href":"https:\/\/www.europesays.com\/fr\/wp-json\/wp\/v2\/tags?post=512388"}],"curies":[{"name":"wp","href":"https:\/\/api.w.org\/{rel}","templated":true}]}}