{"id":512390,"date":"2025-11-05T01:06:14","date_gmt":"2025-11-05T01:06:14","guid":{"rendered":"https:\/\/www.europesays.com\/fr\/512390\/"},"modified":"2025-11-05T01:06:14","modified_gmt":"2025-11-05T01:06:14","slug":"apres-trois-ans-sur-pause-radio-poitou-est-de-retour-sur-internet","status":"publish","type":"post","link":"https:\/\/www.europesays.com\/fr\/512390\/","title":{"rendered":"apr\u00e8s trois ans sur pause, Radio Poitou est de retour sur Internet"},"content":{"rendered":"<p>Elle s\u2019\u00e9tait \u00e9teinte en 2022, elle a fait son retour il y a environ un mois\u00a0: vingt-quatre heures sur vingt-quatre sur Internet, <a title=\"Lien vers le site internet de la webradio Radio Poitou\" target=\"_blank\" href=\"https:\/\/radiopoitou.com\/\" rel=\"nofollow noopener\">Radio Poitou<\/a> propose \u00ab\u00a0exclusivement\u00a0\u00bb ou presque de la musique locale ou \u00e9manant d\u2019artistes originaires de l\u2019ex-r\u00e9gion Poitou-Charentes et de la Vend\u00e9e.<\/p>\n<p>\u00ab\u00a0On peut passer des moines de Ligug\u00e9 \u00e0 Philippe Katerine, il ne faut pas avoir peur des contrastes\u00a0!\u00a0\u00bb, sourit <a title=\"Lien vers le site internet de La Nouvelle R\u00e9publique du Centre-Ouest\" target=\"_blank\" href=\"https:\/\/www.lanouvellerepublique.fr\/deux-sevres\/commune\/melle\/melle-la-guitare-plurielle-de-mathieu-touzot\" rel=\"nofollow noopener\">Mathieu Touzot<\/a>\u00a0: le natif de Niort avait lanc\u00e9 en 2019 le projet, ensuite mis sur pause apr\u00e8s que son diffuseur initial, bas\u00e9 en Belgique, avait arr\u00eat\u00e9 toute retransmission d\u2019un coup d\u2019un seul.<\/p>\n<p>Le Qu\u00e9bec et la Louisiane<\/p>\n<p>\u00c0 l\u2019\u00e9poque, le musicien, chanteur patoisant\u00a0et enseignant avait mis en ligne 3.000 titres apr\u00e8s \u00eatre tomb\u00e9 sur une webradio uniquement d\u00e9di\u00e9e aux compositions de Jean-S\u00e9bastien Bach\u00a0: il en fallait une r\u00e9serv\u00e9e aux musiques poitevines, au parlanjhe et au saintongeais, \u00ab\u00a0\u00e7a me paraissait une \u00e9vidence\u00a0!\u00a0\u00bb Le programmateur qui vit \u00e0 Saint-Sauvant s\u2019y est donc remis, avec un nouveau diffuseur en la personne du webmaster Tony Br\u00e9boin, install\u00e9 au Canada mais qui a grandi dans la Vienne.<\/p>\n<p>Tous les styles ont droit de cit\u00e9, la musique traditionnelle \u00e0 danser en t\u00eate\u00a0: il y a du classique, du jazz, du rap, du rock\u2026 Les plus vieux enregistrements datent de 1927. Le Qu\u00e9bec s\u2019invite dans les playlists car au 17e\u00a0si\u00e8cle, \u00ab\u00a0pour repeupler l\u2019Acadie, ils avaient pris des Poitevins\u00a0\u00bb, rappelle Mathieu Touzot\u00a0: d\u2019o\u00f9 une \u00ab\u00a0relation linguistique\u00a0\u00bb entre les deux r\u00e9gions, \u00e0 laquelle vient se greffer la Louisiane, dont les Cajuns ont pour anc\u00eatres les Acadiens. Derri\u00e8re Radio Poitou se cachent aussi Cyril Salmonie, chroniqueur de la premi\u00e8re heure qui \u00ab\u00a0aide beaucoup sur les r\u00e9seaux sociaux\u00a0\u00bb, et Laurence Le Nevez, en sa qualit\u00e9 de pr\u00e9sidente de La Jharasserie, l\u2019association melloise qui porte la webradio\u00a0: Mathieu Touzot en est le tr\u00e9sorier.<\/p>\n","protected":false},"excerpt":{"rendered":"Elle s\u2019\u00e9tait \u00e9teinte en 2022, elle a fait son retour il y a environ un mois\u00a0: vingt-quatre heures&hellip;\n","protected":false},"author":2,"featured_media":512391,"comment_status":"","ping_status":"","sticky":false,"template":"","format":"standard","meta":{"footnotes":""},"categories":[1355],"tags":[1392,7478,2218,2545,58,59,1011,27,3617,310,6910,1393,500,6756,1361,873,2936,1698,6752,2551,29899,1825,63320,2546,1584],"class_list":{"0":"post-512390","1":"post","2":"type-post","3":"status-publish","4":"format-standard","5":"has-post-thumbnail","7":"category-musique","8":"tag-a-la-une-local","9":"tag-charente","10":"tag-charente-maritime","11":"tag-deux-sevres","12":"tag-divertissement","13":"tag-entertainment","14":"tag-fr","15":"tag-france","16":"tag-hip-hop","17":"tag-internet","18":"tag-jazz","19":"tag-loisirs","20":"tag-medias","21":"tag-melle","22":"tag-music","23":"tag-musique","24":"tag-musique-classique","25":"tag-musiques","26":"tag-niort","27":"tag-patrimoine","28":"tag-pop-rock","29":"tag-radio","30":"tag-saint-sauvant","31":"tag-vendee","32":"tag-vienne"},"share_on_mastodon":{"url":"https:\/\/pubeurope.com\/@fr\/115494412880351710","error":""},"_links":{"self":[{"href":"https:\/\/www.europesays.com\/fr\/wp-json\/wp\/v2\/posts\/512390","targetHints":{"allow":["GET"]}}],"collection":[{"href":"https:\/\/www.europesays.com\/fr\/wp-json\/wp\/v2\/posts"}],"about":[{"href":"https:\/\/www.europesays.com\/fr\/wp-json\/wp\/v2\/types\/post"}],"author":[{"embeddable":true,"href":"https:\/\/www.europesays.com\/fr\/wp-json\/wp\/v2\/users\/2"}],"replies":[{"embeddable":true,"href":"https:\/\/www.europesays.com\/fr\/wp-json\/wp\/v2\/comments?post=512390"}],"version-history":[{"count":0,"href":"https:\/\/www.europesays.com\/fr\/wp-json\/wp\/v2\/posts\/512390\/revisions"}],"wp:featuredmedia":[{"embeddable":true,"href":"https:\/\/www.europesays.com\/fr\/wp-json\/wp\/v2\/media\/512391"}],"wp:attachment":[{"href":"https:\/\/www.europesays.com\/fr\/wp-json\/wp\/v2\/media?parent=512390"}],"wp:term":[{"taxonomy":"category","embeddable":true,"href":"https:\/\/www.europesays.com\/fr\/wp-json\/wp\/v2\/categories?post=512390"},{"taxonomy":"post_tag","embeddable":true,"href":"https:\/\/www.europesays.com\/fr\/wp-json\/wp\/v2\/tags?post=512390"}],"curies":[{"name":"wp","href":"https:\/\/api.w.org\/{rel}","templated":true}]}}