{"id":512392,"date":"2025-11-05T01:07:17","date_gmt":"2025-11-05T01:07:17","guid":{"rendered":"https:\/\/www.europesays.com\/fr\/512392\/"},"modified":"2025-11-05T01:07:17","modified_gmt":"2025-11-05T01:07:17","slug":"spectaculaire-sauvage-et-emouvant-predator-badlands-est-une-petite-tuerie","status":"publish","type":"post","link":"https:\/\/www.europesays.com\/fr\/512392\/","title":{"rendered":"Spectaculaire, sauvage et \u00e9mouvant, \u00ab\u00a0Predator : Badlands\u00a0\u00bb est une petite tuerie"},"content":{"rendered":"<ul class=\"jsx-862013697 ArticleChapo__List\">\n<li class=\"jsx-862013697 ArticleChapo__List_Item flex\">En salles mercredi, \u00ab\u00a0Predator : Badlands\u00a0\u00bb confirme la r\u00e9surrection d&rsquo;une franchise de science-fiction tomb\u00e9e aux oubliettes.<\/li>\n<li class=\"jsx-862013697 ArticleChapo__List_Item flex\">Sur une plan\u00e8te hostile, le chasseur extra-terrestre devient le h\u00e9ros d&rsquo;une traque sans temps mort.<\/li>\n<li class=\"jsx-862013697 ArticleChapo__List_Item flex\">TF1info a discut\u00e9 de ce petit miracle avec son r\u00e9alisateur et sc\u00e9nariste, le malin Dan Trachtenberg.<\/li>\n<\/ul>\n<p data-module=\"article-paragraph\" class=\"jsx-3046738180 Paragraph\">Avouons-le franchement : apr\u00e8s une flop\u00e9e de suites mal fagot\u00e9es qui ont dilapid\u00e9 l\u2019h\u00e9ritage du chef-d&rsquo;\u0153uvre de John McTiernan avec Arnold Schwarzenegger en 1987, n\u00e9 de l&rsquo;imagination des fr\u00e8res Jim et John Thomas, on a longtemps cru la franchise Predator morte et enterr\u00e9e pour de bon.\u00a0<\/p>\n<p data-module=\"article-paragraph\" class=\"jsx-3046738180 Paragraph Paragraph__End\">Si vous avez manqu\u00e9 le d\u00e9but, la cr\u00e9ature qui donnait son titre au film d\u2019origine est un chasseur extra-terrestre \u00e0 la peau de reptile, la gueule pleine de dents pointues et la musette remplie d&rsquo;armes sophistiqu\u00e9es, naviguant \u00e0 travers les galaxies en qu\u00eate d\u2019un gros gibier dont il conserve le cr\u00e2ne bien lisse en guise de souvenir.<\/p>\n<p data-module=\"article-paragraph\" class=\"jsx-3046738180 Paragraph Paragraph__End\">Au fil des d\u00e9cennies, la cr\u00e9ature a fini par devenir plus populaire que les humains insipides qu\u2019elle d\u00e9cime les uns apr\u00e8s les autres, tuant toute forme de suspense au passage. Jusqu\u2019\u00e0 l\u2019arriv\u00e9e en 2022 du jeune r\u00e9alisateur et sc\u00e9nariste Dan Trachtenberg, pur produit de l\u2019\u00e9curie J.J. Abrams. Son id\u00e9e de g\u00e9nie ? T\u00e9l\u00e9porter le personnage au XIX\u00e8me si\u00e8cle, dans une Am\u00e9rique encore sauvage, pour un face-\u00e0-face sans piti\u00e9 avec une jeune chasseresse comanche. Sorti directement sur Disney+, Prey a enthousiasm\u00e9 les fans et les critiques. Inspir\u00e9, son auteur a encha\u00een\u00e9 avec le film d\u2019animation Predator : Killer of Killers et aujourd\u2019hui Predator : Badlands, qui a les honneurs d\u2019une sortie en salles.\u00a0<\/p>\n<blockquote class=\"jsx-2786790838 Quote__Text\"><p>Et si nous r\u00e9ussissions ce tour de magie de vous faire vibrer pour le Predator ?<\/p><\/blockquote>\n<p>Dan Trachtenberg<\/p>\n<p data-module=\"article-paragraph\" class=\"jsx-3046738180 Paragraph Paragraph__End\">\u00ab\u00a0Ce qui est marrant, c\u2019est que je n\u2019ai pas d\u00e9barqu\u00e9 sur cette franchise en me demandant comment faire un film Predator, ni m\u00eame comment la rendre cool\u00a0\u00bb, confie Dan Trachtenberg \u00e0 TF1info. \u00ab\u00a0J\u2019avais envie de faire un film d\u2019action qui emprunterait le chemin du survival \u00e0 la mani\u00e8re de The Revenant ou Gravity, et j\u2019adorais l\u2019id\u00e9e d\u2019injecter de la science-fiction dans un drame historique, deux choses qui ne vont pas normalement ensemble. C\u2019est comme \u00e7a que j\u2019ai con\u00e7u Prey. Je me suis demand\u00e9 comment faire un film qui n\u2019existait pas d\u00e9j\u00e0 et j\u2019ai conserv\u00e9 cette mentalit\u00e9 pour les suivants.\u00a0\u00bb<\/p>\n<p>Une s\u00e9rie t\u00e9l\u00e9 dans les cartons ?<\/p>\n<p data-module=\"article-paragraph\" class=\"jsx-3046738180 Paragraph Paragraph__End\">\u00c0 l\u2019oppos\u00e9 des films pr\u00e9c\u00e9dents, Badlands se d\u00e9roule dans le futur, sur une plan\u00e8te lointaine o\u00f9 un jeune Predator baptis\u00e9 Dek (l&rsquo;inconnu n\u00e9o-z\u00e9landais Dimitrius Schuster-Koloamatangi) est exclu de son clan suite \u00e0 un dilemme quasi shakespearien. Propuls\u00e9 \u00e0 travers l\u2019espace, il d\u00e9barque sur une terre hostile dont la faune vorace est sur le point d\u2019avoir sa peau lorsqu\u2019il re\u00e7oit le coup de main inattendu de Thia (Elle Fanning), une moiti\u00e9 de cyborg, propri\u00e9t\u00e9 de la multinationale Weyland Yutani que les amateurs de <a href=\"https:\/\/www.tf1info.fr\/culture\/alien-romulus-la-saga-alien-revient-dans-l-espace-on-n-a-pas-encore-fini-de-crier-2314525.html\" target=\"_blank\" rel=\"noopener\">la saga Alien<\/a> connaissent bien. Cet improbable duo va unir ses forces dans une aventure sauvage qui en met plein la vue\u2026 et se r\u00e9v\u00e8le plus \u00e9mouvante qu\u2019on pourrait le croire en entrant dans la salle.<\/p>\n<p><img decoding=\"async\" src=\"https:\/\/www.europesays.com\/fr\/wp-content\/uploads\/2025\/11\/dimitrius-schuster-koloamatangi-predator-badlands-3feaca-0@1x.jpeg\" alt=\"Derri\u00e8re le masque du Predator, l'acteur n\u00e9o-z\u00e9landais Dimitrius Schuster-Koloamatangi. Si si, c'est un mec sympa ! - 20th Century Studios\" loading=\"lazy\" importance=\"low\" fetchpriority=\"low\" class=\"\" data-module=\"article-image\"\/>Derri\u00e8re le masque du Predator, l&rsquo;acteur n\u00e9o-z\u00e9landais Dimitrius Schuster-Koloamatangi. Si si, c&rsquo;est un mec sympa ! &#8211; 20th Century Studios<\/p>\n<p data-module=\"article-paragraph\" class=\"jsx-3046738180 Paragraph Paragraph__End\">\u00ab\u00a0Dans ce genre de film, on tombe souvent amoureux de la cr\u00e9ature qui accompagne le h\u00e9ros ou du m\u00e9chant monstre\u00a0\u00bb, explique Dan Trachtenberg. \u00ab\u00a0Mais il n\u2019y avait jamais eu de film centr\u00e9 rien que sur eux. Et si c\u2019\u00e9tait eux l\u2019histoire ? Et si nous r\u00e9ussissions ce tour de magie de vous faire vibrer pour le Predator et d\u2019avoir envie de le soutenir ? Pas en le confrontant \u00e0 des humains d\u00e9testables qu\u2019il \u00e9liminerait sous nos yeux les uns apr\u00e8s les autres. Mais en lui faisant vivre sa propre histoire, avec un c\u0153ur gros comme \u00e7a au milieu de toute cette violence folle et brutale.\u00a0\u00bb<\/p>\n<p><a href=\"https:\/\/www.tf1info.fr\/culture\/alien-earth-disney-la-serie-inspiree-des-films-est-un-petit-miracle-pour-le-moment-2389394.html\" rel=\"noopener\" class=\"jsx-3308031228 Link flex\" target=\"_blank\"><img decoding=\"async\" src=\"https:\/\/www.europesays.com\/fr\/wp-content\/uploads\/2025\/11\/alien-earth-10-jpg-55f007-0@1x.jpeg\" alt=\"Sydney Chandler dans &quot;Alien : Earth&quot;.\" loading=\"lazy\" importance=\"low\" fetchpriority=\"low\" class=\"\" aria-hidden=\"true\"\/><\/p>\n<p class=\"jsx-3657663356 ReadMoreArticle__Title\">Lire aussi<\/p>\n<p class=\"jsx-3657663356\">\u00ab\u00a0Alien : Earth\u00a0\u00bb : la s\u00e9rie inspir\u00e9e des films est un petit miracle\u2026 pour le moment<\/p>\n<p><\/a><\/p>\n<p data-module=\"article-paragraph\" class=\"jsx-3046738180 Paragraph\">Spectaculaire et sans temps mort, Predator : Badlands s\u00e9duit par sa g\u00e9n\u00e9rosit\u00e9 et l\u2019affection \u00e9vidente de son cr\u00e9ateur pour ses personnages. Une touche d\u2019humour et de tendresse en plus, lorgnant sur la recette d\u2019une s\u00e9rie comme The Mandalorian. Les aventures du chasseur le plus affut\u00e9 de la galaxie vont-elles se prolonger en s\u00e9rie \u00e0 la mani\u00e8re de la saga Star Wars ? \u00c0 moins qu\u2019un nouveau crossover avec le x\u00e9nomorphe d&rsquo;Alien soit d\u00e9j\u00e0 dans les cartons ? \u00ab\u00a0Ce que je voulais, c\u2019est que vous puissiez profiter de ce film sans conna\u00eetre les autres\u00a0\u00bb, insiste Dan Trachtenberg. \u00ab\u00a0Si je trouve une id\u00e9e de film in\u00e9dite pour la suite, et que le Predator en fait partie, alors \u00e7a arrivera !\u00a0\u00bb.<\/p>\n<p data-module=\"article-paragraph\" class=\"jsx-3046738180 Paragraph Paragraph__End\"><strong>&gt;&gt; <\/strong><strong>Predator : Badlands<\/strong><strong> de Dan Trachtenberg. Avec Dimitrius Schuster-Koloamatangi, Elle Fanning. 1h47. En salles mercredi 5 novembre 2025.<\/strong><\/p>\n<p>J\u00e9r\u00f4me VERMELIN<\/p>\n","protected":false},"excerpt":{"rendered":"En salles mercredi, \u00ab\u00a0Predator : Badlands\u00a0\u00bb confirme la r\u00e9surrection d&rsquo;une franchise de science-fiction tomb\u00e9e aux oubliettes. Sur une&hellip;\n","protected":false},"author":2,"featured_media":512393,"comment_status":"","ping_status":"","sticky":false,"template":"","format":"standard","meta":{"footnotes":""},"categories":[1354],"tags":[1111,11,1921,650,58,59,386,73,1346,1011,27,2137,1922,2041,1360,133,2040],"class_list":{"0":"post-512392","1":"post","2":"type-post","3":"status-publish","4":"format-standard","5":"has-post-thumbnail","7":"category-films","8":"tag-actu","9":"tag-actualites","10":"tag-article-video","11":"tag-cinema","12":"tag-divertissement","13":"tag-entertainment","14":"tag-espace","15":"tag-etats-unis","16":"tag-films","17":"tag-fr","18":"tag-france","19":"tag-hollywood","20":"tag-info","21":"tag-medias-et-divertissement","22":"tag-movies","23":"tag-video","24":"tag-video-culture"},"share_on_mastodon":{"url":"https:\/\/pubeurope.com\/@fr\/115494417509702250","error":""},"_links":{"self":[{"href":"https:\/\/www.europesays.com\/fr\/wp-json\/wp\/v2\/posts\/512392","targetHints":{"allow":["GET"]}}],"collection":[{"href":"https:\/\/www.europesays.com\/fr\/wp-json\/wp\/v2\/posts"}],"about":[{"href":"https:\/\/www.europesays.com\/fr\/wp-json\/wp\/v2\/types\/post"}],"author":[{"embeddable":true,"href":"https:\/\/www.europesays.com\/fr\/wp-json\/wp\/v2\/users\/2"}],"replies":[{"embeddable":true,"href":"https:\/\/www.europesays.com\/fr\/wp-json\/wp\/v2\/comments?post=512392"}],"version-history":[{"count":0,"href":"https:\/\/www.europesays.com\/fr\/wp-json\/wp\/v2\/posts\/512392\/revisions"}],"wp:featuredmedia":[{"embeddable":true,"href":"https:\/\/www.europesays.com\/fr\/wp-json\/wp\/v2\/media\/512393"}],"wp:attachment":[{"href":"https:\/\/www.europesays.com\/fr\/wp-json\/wp\/v2\/media?parent=512392"}],"wp:term":[{"taxonomy":"category","embeddable":true,"href":"https:\/\/www.europesays.com\/fr\/wp-json\/wp\/v2\/categories?post=512392"},{"taxonomy":"post_tag","embeddable":true,"href":"https:\/\/www.europesays.com\/fr\/wp-json\/wp\/v2\/tags?post=512392"}],"curies":[{"name":"wp","href":"https:\/\/api.w.org\/{rel}","templated":true}]}}