{"id":512403,"date":"2025-11-05T01:13:12","date_gmt":"2025-11-05T01:13:12","guid":{"rendered":"https:\/\/www.europesays.com\/fr\/512403\/"},"modified":"2025-11-05T01:13:12","modified_gmt":"2025-11-05T01:13:12","slug":"au-moins-trois-morts-et-11-blesses-dans-le-crash-dun-avion-cargo-aux-etats-unis","status":"publish","type":"post","link":"https:\/\/www.europesays.com\/fr\/512403\/","title":{"rendered":"Au moins trois morts et 11 bless\u00e9s dans le crash d\u2019un avion-cargo aux \u00c9tats-Unis"},"content":{"rendered":"<p>\n    \u00abLe vol UPS 2976 s\u2019est \u00e9cras\u00e9 vers 17h15 heure locale\u00bb, a d\u00e9clar\u00e9 la FAA, identifiant l\u2019avion comme un McDonnell Douglas MD-11 \u00e0 destination de Hawa\u00ef.<\/p>\n<p class=\"fig-paragraph\">Au moins trois personnes ont \u00e9t\u00e9 tu\u00e9es et 11 autres bless\u00e9es mardi dans l\u2019accident d\u2019un avion-cargo qui\u00a0<a href=\"https:\/\/www.lefigaro.fr\/tag\/crash\" target=\"_blank\" rel=\"nofollow noopener\" data-gtm-custom-categorie=\"navigation\" data-gtm-custom-action=\"crossclick\" data-gtm-custom-label=\"Contextuel\" data-gtm-event=\"customEventSPE\">s\u2019est \u00e9cras\u00e9 au sol<\/a>\u00a0peu apr\u00e8s son d\u00e9collage de Louisville, dans le centre-est des \u00c9tats-Unis, a d\u00e9clar\u00e9 le gouverneur du Kentucky Andy Beshear. \u00abNous pensons qu\u2019il y a au moins trois d\u00e9c\u00e8s. Je crains que ce chiffre ne soit plus important. Il y a aussi au moins 11 bless\u00e9s, dont certains sont gravement touch\u00e9s\u00bb, a d\u00e9clar\u00e9 le gouverneur lors d\u2019une conf\u00e9rence de presse.<\/p>\n<p class=\"fig-paragraph\">\u00abLe vol UPS 2976 s\u2019est \u00e9cras\u00e9 vers 17h15 heure locale\u00bb, a d\u00e9clar\u00e9 la FAA, identifiant l\u2019avion comme un McDonnell Douglas MD-11 \u00e0 destination de Hawa\u00ef. L\u2019avion avait \u00abtrois membres d\u2019\u00e9quipage \u00e0 son bord\u00bb, a d\u00e9clar\u00e9 dans un communiqu\u00e9 s\u00e9par\u00e9 le transporteur UPS, dont le si\u00e8ge de la division a\u00e9rienne est install\u00e9 \u00e0 Louisville, dans le centre-est du pays. \u00abIl y a plusieurs bless\u00e9s et l\u2019incendie est toujours en cours\u00bb, a d\u00e9clar\u00e9 sur X le maire Craig Greenberg.<\/p>\n<p>                                    <a class=\"fig-a11y-skip a11y-hidden\" href=\"#fig-a11y-skip-main-inarticle\"><br \/>\n        Passer la publicit\u00e9<br \/>\n    <\/a><\/p>\n<p class=\"fig-paragraph\">Des images a\u00e9riennes de t\u00e9l\u00e9visions locales montrent un large brasier s\u2019\u00e9talant sur plusieurs centaines de m\u00e8tres de long dans une zone de hangars et de parkings, avec les gyrophares des \u00e9quipes de secours \u00e0 proximit\u00e9. L\u2019Agence am\u00e9ricaine de s\u00e9curit\u00e9 des transports (NTSB) et la FAA \u00abse mobilisent pour arriver sur place et vont mener l\u2019enqu\u00eate\u00bb, a \u00e9crit sur X Sean Duffy, le ministre des Transports.<\/p>\n<p class=\"fig-paragraph\">Une vid\u00e9o amateure partag\u00e9e par la cha\u00eene locale WLKY montre le moteur gauche de l\u2019appareil en feu tandis que l\u2019appareil rase le sol en tentant de d\u00e9coller, avant visiblement d\u2019exploser, provoquant un large panache de fum\u00e9e noire.<\/p>\n<p>En plein \u00abshutdown\u00bb<\/p>\n<p class=\"fig-paragraph\">L\u2019accident de mardi intervient au moment o\u00f9 les cons\u00e9quences de la paralysie budg\u00e9taire, due \u00e0 un d\u00e9saccord entre r\u00e9publicains et d\u00e9mocrates au Congr\u00e8s, se font particuli\u00e8rement ressentir dans le domaine du transport a\u00e9rien. Depuis plusieurs semaines, des p\u00e9nuries de contr\u00f4leurs a\u00e9riens &#8211; qui travaillent depuis le 1er octobre sans \u00eatre pay\u00e9s &#8211; entra\u00eenent retards et annulations de vols \u00e0 travers le pays. Si la paralysie budg\u00e9taire se prolonge au-del\u00e0 de cette semaine,\u00a0<a href=\"http:\/\/www.lefigaro.fr\/international\/l-espace-aerien-aux-etats-unis-pourrait-etre-partiellement-ferme-si-le-shutdown-se-prolonge-avertit-un-ministre-20251104\" target=\"_blank\" data-fig-type=\"NewsFlash\" rel=\"noopener\" data-gtm-custom-categorie=\"navigation\" data-gtm-custom-action=\"crossclick\" data-gtm-custom-label=\"Contextuel\" data-gtm-event=\"customEventSPE\" data-fig-domain=\"LEFIGARO\">l\u2019espace a\u00e9rien am\u00e9ricain pourrait m\u00eame \u00eatre partiellement ferm\u00e9<\/a>, a mis en garde mardi Sean Duffy.<\/p>\n<p class=\"fig-paragraph\">UPS Airlines, la division a\u00e9rienne du groupe am\u00e9ricain de messagerie et de livraison de colis, op\u00e9rait d\u00e9but septembre une flotte d\u2019environ 500 avions de transport de marchandises, dont 27 MD-11, l\u2019appareil impliqu\u00e9 dans l\u2019accident de mardi.<\/p>\n<p class=\"fig-paragraph\">Le dernier accident a\u00e9rien majeur aux \u00c9tats-Unis s\u2019est produit le 29 janvier dernier \u00e0 proximit\u00e9 de l\u2019a\u00e9roport Ronald-Reagan de Washington, quand un h\u00e9licopt\u00e8re militaire est entr\u00e9 en collision avec un avion de ligne sur le point d\u2019atterrir, tuant 67 personnes au total.<\/p>\n","protected":false},"excerpt":{"rendered":"\u00abLe vol UPS 2976 s\u2019est \u00e9cras\u00e9 vers 17h15 heure locale\u00bb, a d\u00e9clar\u00e9 la FAA, identifiant l\u2019avion comme un&hellip;\n","protected":false},"author":2,"featured_media":512404,"comment_status":"","ping_status":"","sticky":false,"template":"","format":"standard","meta":{"footnotes":""},"categories":[5],"tags":[11,4098,73,1011,27,14,12,28],"class_list":{"0":"post-512403","1":"post","2":"type-post","3":"status-publish","4":"format-standard","5":"has-post-thumbnail","7":"category-international","8":"tag-actualites","9":"tag-crash","10":"tag-etats-unis","11":"tag-fr","12":"tag-france","13":"tag-international","14":"tag-news","15":"tag-world"},"share_on_mastodon":{"url":"https:\/\/pubeurope.com\/@fr\/115494440439634456","error":""},"_links":{"self":[{"href":"https:\/\/www.europesays.com\/fr\/wp-json\/wp\/v2\/posts\/512403","targetHints":{"allow":["GET"]}}],"collection":[{"href":"https:\/\/www.europesays.com\/fr\/wp-json\/wp\/v2\/posts"}],"about":[{"href":"https:\/\/www.europesays.com\/fr\/wp-json\/wp\/v2\/types\/post"}],"author":[{"embeddable":true,"href":"https:\/\/www.europesays.com\/fr\/wp-json\/wp\/v2\/users\/2"}],"replies":[{"embeddable":true,"href":"https:\/\/www.europesays.com\/fr\/wp-json\/wp\/v2\/comments?post=512403"}],"version-history":[{"count":0,"href":"https:\/\/www.europesays.com\/fr\/wp-json\/wp\/v2\/posts\/512403\/revisions"}],"wp:featuredmedia":[{"embeddable":true,"href":"https:\/\/www.europesays.com\/fr\/wp-json\/wp\/v2\/media\/512404"}],"wp:attachment":[{"href":"https:\/\/www.europesays.com\/fr\/wp-json\/wp\/v2\/media?parent=512403"}],"wp:term":[{"taxonomy":"category","embeddable":true,"href":"https:\/\/www.europesays.com\/fr\/wp-json\/wp\/v2\/categories?post=512403"},{"taxonomy":"post_tag","embeddable":true,"href":"https:\/\/www.europesays.com\/fr\/wp-json\/wp\/v2\/tags?post=512403"}],"curies":[{"name":"wp","href":"https:\/\/api.w.org\/{rel}","templated":true}]}}