{"id":512407,"date":"2025-11-05T01:15:27","date_gmt":"2025-11-05T01:15:27","guid":{"rendered":"https:\/\/www.europesays.com\/fr\/512407\/"},"modified":"2025-11-05T01:15:27","modified_gmt":"2025-11-05T01:15:27","slug":"avec-de-zerbi-ce-sera-different-estime-ivan-juric-lentraineur-de-bergame","status":"publish","type":"post","link":"https:\/\/www.europesays.com\/fr\/512407\/","title":{"rendered":"\u00ab\u00a0Avec De Zerbi, ce sera diff\u00e9rent\u00a0\u00bb, estime Ivan Juric, l&rsquo;entra\u00eeneur de Bergame"},"content":{"rendered":"<p>Apr\u00e8s une d\u00e9faite en ouverture contre Paris (4-0), une victoire contre Bruges (2-1) et un nul contre Slavia Prague (0-0), Ivan Juric, l\u2019entra\u00eeneur de l\u2019Atalanta Bergame esp\u00e8re que son \u00e9quipe r\u00e9ussira un mauvais tour aux prot\u00e9g\u00e9s de Roberto De Zerbi, ce mercredi contre l\u2019OM, sur la pelouse du stade V\u00e9lodrome.<\/p>\n<p><strong>Comment va votre \u00e9quipe\u00a0? On l\u2019a dit en crise\u00a0?<\/strong>&#13;\n<\/p>\n<p>L\u2019\u00e9quipe a tr\u00e8s bien fait ces derniers temps mais elle n\u2019a pas r\u00e9colt\u00e9 les b\u00e9n\u00e9fices. <a href=\"https:\/\/www.laprovence.com\/article\/om\/1007821014736615\/om-avant-de-venir-au-velodrome-latalanta-bergame-sincline-sur-la-pelouse-de-ludinese\" target=\"_blank\" rel=\"noopener\">J\u2019\u00e9tais f\u00e2ch\u00e9 contre l\u2019Udinese<\/a>, mais \u00e7a arrive de rater un match. On a fait une tr\u00e8s tr\u00e8s mauvaise premi\u00e8re mi-temps. On a fait de bons matches \u00e0 l\u2019AC Milan, \u00e0 la Lazio. Tout est n\u00e9gatif quand on fait une mauvaise prestation. On sera stimul\u00e9 demain (mercredi), dans un stade important, face \u00e0 un effectif de qualit\u00e9, avec beaucoup de vitesse. Ce sera un plaisir.<\/p>\n<p><strong>En quoi l\u2019OM est-il diff\u00e9rent de\u00a02024 m\u00eame si vous n\u2019\u00e9tiez pas l\u00e0\u00a0?<\/strong>&#13;\n<\/p>\n<p>Le match aller avait \u00e9t\u00e9 tr\u00e8s compliqu\u00e9, un match nul. Au retour, c\u2019\u00e9tait le vrai visage de l\u2019Atalanta. Ce sera diff\u00e9rent avec Roberto, c\u2019est un autre OM. Ce sont d\u2019autres joueurs, d\u2019autres fa\u00e7ons de jouer, d\u2019autres mani\u00e8res de d\u00e9fendre. On conna\u00eet le type de jeu de Roberto, on sera pr\u00e9par\u00e9 peu importe l\u2019option choisie.<\/p>\n<p><strong>Les jeunes Bernasconi et Ahanor peuvent-ils \u00eatre titularis\u00e9s\u00a0?<\/strong>&#13;\n<\/p>\n<p>On doit tous \u00eatre satisfaits avec eux, ils font les choses bien. Ils peuvent tous les deux \u00eatre sur le terrain.<\/p>\n<p><strong>Ce quatri\u00e8me match est-il d\u00e9cisif\u00a0?<\/strong>&#13;\n<\/p>\n<p>Non, c\u2019est un palier important, un match important, mais ce n\u2019est pas d\u00e9finitif. Il faut marquer des points.<\/p>\n<p><strong>L\u2019objectif de votre \u00e9quipe est-il de se ressaisir\u00a0?<\/strong>&#13;\n<\/p>\n<p>Se ressaisir, non. C\u2019\u00e9tait un mauvais match, pas plus. Il faut bien jouer, comme on le fait toujours. Nous ne sommes pas dans une situation grave.<\/p>\n<p><strong>Comment vivez-vous les critiques sur le fait que la patte Juric ne se voit pas\u00a0?<\/strong>&#13;\n<\/p>\n<p>Je ne suis pas d\u2019accord. On a fait de gros matches. Il suffit de regarder les statistiques. L\u2019\u00e9quipe a jou\u00e9 comme je veux, avec de l\u2019agressivit\u00e9 et de la possession. Je n\u2019ai aucun probl\u00e8me pour dire que l\u2019\u00e9quipe ne m\u2019a pas plu \u00e0 Udine, mais c\u2019est la vie et le football. Je l\u2019accepte.<\/p>\n<p><strong><a href=\"https:\/\/www.laprovence.com\/article\/om\/5588245392992714\/direct-laprovence-direct-om-de-zerbi-et-hojbjerg-devant-la-presse-avant-la-reception-de-latalanta-en-ligue-des-champions\" target=\"_blank\" rel=\"noopener\">De Zerbi<\/a> ne signera pas \u00e0 Bergame, mais vous connaissez <a href=\"https:\/\/www.laprovence.com\/article\/om\/56460160551677\/om-huit-mois-apres-son-derapage-pablo-longoria-revient-dans-un-nouveau-costume-a-auxerre\" target=\"_blank\" rel=\"noopener\">Longoria<\/a>. Que pouvez-vous nous dire sur lui\u00a0?<\/strong>&#13;\n<\/p>\n<p>Roberto est de Brescia, il y a une grande rivalit\u00e9 avec Bergame. C\u2019est important pour lui. Je connais Longoria, on a discut\u00e9 \u00e0 l\u2019\u00e9poque, c\u2019est un tr\u00e8s grand dirigeant.<\/p>\n<p><strong><a href=\"https:\/\/www.laprovence.com\/article\/om\/13687916539655\/om-la-tete-de-boli-les-mains-de-barthez-le-dos-de-brandao-lanatomie-dun-mythe-europeen-en-11-gestes-marquants\" target=\"_blank\" rel=\"noopener\">Kolasinac<\/a> peut-il vivre ses premi\u00e8res minutes de la saison au V\u00e9lodrome\u00a0?<\/strong>&#13;\n<\/p>\n<p>Non pas encore. Il grandit \u00e0 chaque entra\u00eenement, je l\u2019ai pris avec nous car il a un caract\u00e8re fantastique. Il faut encore de la patience avant de le voir en match. Il va profiter de la tr\u00eave pour reprendre sa condition physique.<\/p>\n","protected":false},"excerpt":{"rendered":"Apr\u00e8s une d\u00e9faite en ouverture contre Paris (4-0), une victoire contre Bruges (2-1) et un nul contre Slavia&hellip;\n","protected":false},"author":2,"featured_media":512408,"comment_status":"","ping_status":"","sticky":false,"template":"","format":"standard","meta":{"footnotes":""},"categories":[2],"tags":[17,11,3396,34611,18668,1011,27,53976,12,149,63323,6690,4061],"class_list":{"0":"post-512407","1":"post","2":"type-post","3":"status-publish","4":"format-standard","5":"has-post-thumbnail","7":"category-actualites","8":"tag-17","9":"tag-actualites","10":"tag-avec","11":"tag-different","12":"tag-estime","13":"tag-fr","14":"tag-france","15":"tag-ivan","16":"tag-news","17":"tag-om","18":"tag-om-atalanta","19":"tag-sera","20":"tag-zerbi"},"share_on_mastodon":{"url":"https:\/\/pubeurope.com\/@fr\/115494448276067691","error":""},"_links":{"self":[{"href":"https:\/\/www.europesays.com\/fr\/wp-json\/wp\/v2\/posts\/512407","targetHints":{"allow":["GET"]}}],"collection":[{"href":"https:\/\/www.europesays.com\/fr\/wp-json\/wp\/v2\/posts"}],"about":[{"href":"https:\/\/www.europesays.com\/fr\/wp-json\/wp\/v2\/types\/post"}],"author":[{"embeddable":true,"href":"https:\/\/www.europesays.com\/fr\/wp-json\/wp\/v2\/users\/2"}],"replies":[{"embeddable":true,"href":"https:\/\/www.europesays.com\/fr\/wp-json\/wp\/v2\/comments?post=512407"}],"version-history":[{"count":0,"href":"https:\/\/www.europesays.com\/fr\/wp-json\/wp\/v2\/posts\/512407\/revisions"}],"wp:featuredmedia":[{"embeddable":true,"href":"https:\/\/www.europesays.com\/fr\/wp-json\/wp\/v2\/media\/512408"}],"wp:attachment":[{"href":"https:\/\/www.europesays.com\/fr\/wp-json\/wp\/v2\/media?parent=512407"}],"wp:term":[{"taxonomy":"category","embeddable":true,"href":"https:\/\/www.europesays.com\/fr\/wp-json\/wp\/v2\/categories?post=512407"},{"taxonomy":"post_tag","embeddable":true,"href":"https:\/\/www.europesays.com\/fr\/wp-json\/wp\/v2\/tags?post=512407"}],"curies":[{"name":"wp","href":"https:\/\/api.w.org\/{rel}","templated":true}]}}