{"id":512411,"date":"2025-11-05T01:17:28","date_gmt":"2025-11-05T01:17:28","guid":{"rendered":"https:\/\/www.europesays.com\/fr\/512411\/"},"modified":"2025-11-05T01:17:28","modified_gmt":"2025-11-05T01:17:28","slug":"villey-saint-etienne-soiree-dhalloween-avec-la-mjc-le-mini-staff-a-loeuvre","status":"publish","type":"post","link":"https:\/\/www.europesays.com\/fr\/512411\/","title":{"rendered":"Villey-Saint-\u00c9tienne. Soir\u00e9e d\u2019Halloween avec la MJC\u00a0: le mini-staff \u00e0 l\u2019\u0153uvre"},"content":{"rendered":"<p>La MJC a organis\u00e9 une soir\u00e9e d\u2019Halloween vendredi. Au programme\u00a0: une chasse aux bonbons dans les diff\u00e9rentes maisons du village, avant de rejoindre la boum d\u2019Halloween \u00e0 la salle des f\u00eates. C\u2019est le mini-staff de la MJC qui a pr\u00e9par\u00e9 et confectionn\u00e9 la d\u00e9coration de la salle avec l\u2019aide de quelques b\u00e9n\u00e9voles et qui a fait les courses avec les b\u00e9n\u00e9voles. Au cours de la soir\u00e9e des hot-dogs et des croques choco \u00e9taient propos\u00e9s sans oublier de nombreux bonbons et des frayeurs.<\/p>\n","protected":false},"excerpt":{"rendered":"La MJC a organis\u00e9 une soir\u00e9e d\u2019Halloween vendredi. Au programme\u00a0: une chasse aux bonbons dans les diff\u00e9rentes maisons&hellip;\n","protected":false},"author":2,"featured_media":512412,"comment_status":"","ping_status":"","sticky":false,"template":"","format":"standard","meta":{"footnotes":""},"categories":[9653],"tags":[1111,11,2430,11735,1687,1705,1777,674,1011,27,12,25,4001,19671],"class_list":{"0":"post-512411","1":"post","2":"type-post","3":"status-publish","4":"format-standard","5":"has-post-thumbnail","7":"category-saint-etienne","8":"tag-actu","9":"tag-actualites","10":"tag-auvergne-rhone-alpes","11":"tag-cc-terres-touloises-54d","12":"tag-culture-loisirs","13":"tag-edition-toul","14":"tag-eu","15":"tag-europe","16":"tag-fr","17":"tag-france","18":"tag-news","19":"tag-republique-francaise","20":"tag-saint-etienne","21":"tag-villey-saint-etienne"},"share_on_mastodon":{"url":"https:\/\/pubeurope.com\/@fr\/115494456123051173","error":""},"_links":{"self":[{"href":"https:\/\/www.europesays.com\/fr\/wp-json\/wp\/v2\/posts\/512411","targetHints":{"allow":["GET"]}}],"collection":[{"href":"https:\/\/www.europesays.com\/fr\/wp-json\/wp\/v2\/posts"}],"about":[{"href":"https:\/\/www.europesays.com\/fr\/wp-json\/wp\/v2\/types\/post"}],"author":[{"embeddable":true,"href":"https:\/\/www.europesays.com\/fr\/wp-json\/wp\/v2\/users\/2"}],"replies":[{"embeddable":true,"href":"https:\/\/www.europesays.com\/fr\/wp-json\/wp\/v2\/comments?post=512411"}],"version-history":[{"count":0,"href":"https:\/\/www.europesays.com\/fr\/wp-json\/wp\/v2\/posts\/512411\/revisions"}],"wp:featuredmedia":[{"embeddable":true,"href":"https:\/\/www.europesays.com\/fr\/wp-json\/wp\/v2\/media\/512412"}],"wp:attachment":[{"href":"https:\/\/www.europesays.com\/fr\/wp-json\/wp\/v2\/media?parent=512411"}],"wp:term":[{"taxonomy":"category","embeddable":true,"href":"https:\/\/www.europesays.com\/fr\/wp-json\/wp\/v2\/categories?post=512411"},{"taxonomy":"post_tag","embeddable":true,"href":"https:\/\/www.europesays.com\/fr\/wp-json\/wp\/v2\/tags?post=512411"}],"curies":[{"name":"wp","href":"https:\/\/api.w.org\/{rel}","templated":true}]}}