{"id":512413,"date":"2025-11-05T01:18:48","date_gmt":"2025-11-05T01:18:48","guid":{"rendered":"https:\/\/www.europesays.com\/fr\/512413\/"},"modified":"2025-11-05T01:18:48","modified_gmt":"2025-11-05T01:18:48","slug":"seichamps-un-atelier-creation-de-decoration-de-noel-avec-lafrs","status":"publish","type":"post","link":"https:\/\/www.europesays.com\/fr\/512413\/","title":{"rendered":"Seichamps. Un atelier cr\u00e9ation de d\u00e9coration de No\u00ebl avec l\u2019AFRS"},"content":{"rendered":"<p>Les samedis\u00a022 et 29\u00a0novembre de 9\u00a0h \u00e0 11\u00a0h\u00a030 \u00e0 l\u2019espace des Parapluies, l\u2019association Familles rurales propose un atelier \u00ab\u00a0Home D\u00e9co\u00a0\u00bb. Chacun peut venir cr\u00e9er sa d\u00e9coration de No\u00ebl. L\u2019atelier, anim\u00e9 par Corinne Perret, est ouvert \u00e0 tous, d\u00e9butants et passionn\u00e9s de DIY. Le mat\u00e9riel est fourni. Co\u00fbt pour les deux s\u00e9ances\u00a0: 35\u00a0\u20ac. Les places sont limit\u00e9es \u00e0 10 personnes.<\/p>\n<p class=\"note\">Inscription, t\u00e9l.\u00a003\u00a083\u00a038\u00a022\u00a065 ou mail \u00ab\u00a0famillesrururalesseichamps@orange.fr\u00a0\u00bb.<\/p>\n","protected":false},"excerpt":{"rendered":"Les samedis\u00a022 et 29\u00a0novembre de 9\u00a0h \u00e0 11\u00a0h\u00a030 \u00e0 l\u2019espace des Parapluies, l\u2019association Familles rurales propose un atelier&hellip;\n","protected":false},"author":2,"featured_media":512414,"comment_status":"","ping_status":"","sticky":false,"template":"","format":"standard","meta":{"footnotes":""},"categories":[9635],"tags":[1111,11,1687,1704,1777,674,1011,27,775,11362,1702,12,25,13654],"class_list":{"0":"post-512413","1":"post","2":"type-post","3":"status-publish","4":"format-standard","5":"has-post-thumbnail","7":"category-nancy","8":"tag-actu","9":"tag-actualites","10":"tag-culture-loisirs","11":"tag-edition-nancy-et-agglomeration","12":"tag-eu","13":"tag-europe","14":"tag-fr","15":"tag-france","16":"tag-grand-est","17":"tag-metropole-du-grand-nancy-54b3","18":"tag-nancy","19":"tag-news","20":"tag-republique-francaise","21":"tag-seichamps"},"share_on_mastodon":{"url":"https:\/\/pubeurope.com\/@fr\/115494463932874434","error":""},"_links":{"self":[{"href":"https:\/\/www.europesays.com\/fr\/wp-json\/wp\/v2\/posts\/512413","targetHints":{"allow":["GET"]}}],"collection":[{"href":"https:\/\/www.europesays.com\/fr\/wp-json\/wp\/v2\/posts"}],"about":[{"href":"https:\/\/www.europesays.com\/fr\/wp-json\/wp\/v2\/types\/post"}],"author":[{"embeddable":true,"href":"https:\/\/www.europesays.com\/fr\/wp-json\/wp\/v2\/users\/2"}],"replies":[{"embeddable":true,"href":"https:\/\/www.europesays.com\/fr\/wp-json\/wp\/v2\/comments?post=512413"}],"version-history":[{"count":0,"href":"https:\/\/www.europesays.com\/fr\/wp-json\/wp\/v2\/posts\/512413\/revisions"}],"wp:featuredmedia":[{"embeddable":true,"href":"https:\/\/www.europesays.com\/fr\/wp-json\/wp\/v2\/media\/512414"}],"wp:attachment":[{"href":"https:\/\/www.europesays.com\/fr\/wp-json\/wp\/v2\/media?parent=512413"}],"wp:term":[{"taxonomy":"category","embeddable":true,"href":"https:\/\/www.europesays.com\/fr\/wp-json\/wp\/v2\/categories?post=512413"},{"taxonomy":"post_tag","embeddable":true,"href":"https:\/\/www.europesays.com\/fr\/wp-json\/wp\/v2\/tags?post=512413"}],"curies":[{"name":"wp","href":"https:\/\/api.w.org\/{rel}","templated":true}]}}