{"id":512415,"date":"2025-11-05T01:20:27","date_gmt":"2025-11-05T01:20:27","guid":{"rendered":"https:\/\/www.europesays.com\/fr\/512415\/"},"modified":"2025-11-05T01:20:27","modified_gmt":"2025-11-05T01:20:27","slug":"coupe-de-france-changement-de-date-et-dhoraire-pour-le-match-entre-tomblaine-et-las-nancy-lorraine","status":"publish","type":"post","link":"https:\/\/www.europesays.com\/fr\/512415\/","title":{"rendered":"Coupe de France. Changement de date et d\u2019horaire pour le match entre Tomblaine et l\u2019AS Nancy Lorraine !"},"content":{"rendered":"<p>Le mail de la F\u00e9d\u00e9ration est tomb\u00e9 mardi en fin de matin\u00e9e dans les bo\u00eetes des dirigeants de l\u2019AS Nancy Lorraine et du GSA Tomblaine. Avec une nouvelle enthousiasmante \u00e0 la cl\u00e9\u00a0:<a href=\"https:\/\/www.estrepublicain.fr\/sport\/2025\/10\/29\/coupe-de-france-suivez-le-tirage-au-sort-du-7e-tour-en-direct\" target=\"_blank\" rel=\"noopener\"> la rencontre du 7e\u00a0 tour de Coupe de France entre le petit Poucet du Grand Est<\/a> et son prestigieux voisin sera t\u00e9l\u00e9vis\u00e9e. Cette bonne nouvelle ayant une cons\u00e9quence, elle, nettement moins r\u00e9jouissante\u00a0: le diffuseur, France 3 en l\u2019occurrence, impose son horaire. Ce sera dimanche \u00e0 15\u00a0h\u00a045.<\/p>\n<p>Les deux clubs s\u2019\u00e9taient pourtant initialement <a href=\"https:\/\/www.estrepublicain.fr\/sport\/2025\/10\/31\/le-7e-tour-de-la-coupe-de-france-contre-tomblaine-est-fixe-la-famille-mbappe-est-partout-une-rave-party-geante-a-cote-du-stade-les-coulisses-du-match-le-mans-as-nancy-lorraine\" target=\"_blank\" rel=\"noopener\">mis d\u2019accord pour jouer au stade Marcel-Picot le samedi \u00e0 18\u00a0h<\/a>. \u00ab\u00a0Pour tout le monde, c\u2019\u00e9tait un horaire formidable. Pour les enfants qui jouent le samedi en d\u00e9but d\u2019apr\u00e8s-midi, qui pouvaient venir au stade. Pour tous les footballeurs amateurs aussi, puisqu\u2019ils jouent le dimanche. Et m\u00eame pour l\u2019ASNL, puisque \u00e7a lui permettait de b\u00e9n\u00e9ficier d\u2019un jour de repos suppl\u00e9mentaire avant son prochain match de Ligue 2. \u00c7a aurait \u00e9t\u00e9 une belle f\u00eate du football pour toute la m\u00e9tropole. Donc forc\u00e9ment, on est un peu d\u00e9\u00e7u\u00a0\u00bb, conc\u00e8de\u00a0le pr\u00e9sident tomblainois Philippe Kadem.<\/p>\n<p>  \u00ab\u00a0Une vraie effervescence\u00a0\u00bb<\/p>\n<p>Les deux clubs ont tent\u00e9 de contacter la FFF dans la journ\u00e9e, en esp\u00e9rant pouvoir n\u00e9gocier. En vain. \u00ab\u00a0On doit s\u2019adapter et suivre les directives de la f\u00e9d\u00e9ration\u00a0\u00bb, positive le dirigeant du GSAT. \u00ab\u00a0Il y aura peut-\u00eatre un peu moins de monde au stade dimanche, mais \u00e7a restera un moment grandiose dans la vie du club. On est tout de m\u00eame hypercontents, on sent une vraie effervescence autour nous depuis le tirage. J\u2019ai re\u00e7u beaucoup de messages de personnes que je n\u2019avais pas vues depuis longtemps.\u00a0\u00bb<\/p>\n<p>L\u2019avantage pour les joueurs, c\u2019est qu\u2019ils pourront enregistrer la rencontre sur le disque dur de leur box et la remontrer \u00e0 l\u2019envi, dans quelques ann\u00e9es, \u00e0 leurs enfants ou petits enfants. En leur disant\u00a0: j\u2019y \u00e9tais\u00a0!<\/p>\n","protected":false},"excerpt":{"rendered":"Le mail de la F\u00e9d\u00e9ration est tomb\u00e9 mardi en fin de matin\u00e9e dans les bo\u00eetes des dirigeants de&hellip;\n","protected":false},"author":2,"featured_media":512416,"comment_status":"","ping_status":"","sticky":false,"template":"","format":"standard","meta":{"footnotes":""},"categories":[9635],"tags":[1111,11,3703,15922,3602,1707,1704,1706,1705,10174,1777,674,107,1701,63,1011,27,775,11260,1702,12,25,517,1700,11703],"class_list":{"0":"post-512415","1":"post","2":"type-post","3":"status-publish","4":"format-standard","5":"has-post-thumbnail","7":"category-nancy","8":"tag-actu","9":"tag-actualites","10":"tag-asnl","11":"tag-coupe-de-france-de-football","12":"tag-edition-bar-le-duc","13":"tag-edition-luneville","14":"tag-edition-nancy-et-agglomeration","15":"tag-edition-pont-a-mousson","16":"tag-edition-toul","17":"tag-edition-verdun","18":"tag-eu","19":"tag-europe","20":"tag-fil-info","21":"tag-fil-info-sport","22":"tag-football","23":"tag-fr","24":"tag-france","25":"tag-grand-est","26":"tag-metropole-du-grand-nancy-54b4","27":"tag-nancy","28":"tag-news","29":"tag-republique-francaise","30":"tag-sport","31":"tag-sport-lorrain","32":"tag-tomblaine"},"share_on_mastodon":{"url":"https:\/\/pubeurope.com\/@fr\/115494467934506272","error":""},"_links":{"self":[{"href":"https:\/\/www.europesays.com\/fr\/wp-json\/wp\/v2\/posts\/512415","targetHints":{"allow":["GET"]}}],"collection":[{"href":"https:\/\/www.europesays.com\/fr\/wp-json\/wp\/v2\/posts"}],"about":[{"href":"https:\/\/www.europesays.com\/fr\/wp-json\/wp\/v2\/types\/post"}],"author":[{"embeddable":true,"href":"https:\/\/www.europesays.com\/fr\/wp-json\/wp\/v2\/users\/2"}],"replies":[{"embeddable":true,"href":"https:\/\/www.europesays.com\/fr\/wp-json\/wp\/v2\/comments?post=512415"}],"version-history":[{"count":0,"href":"https:\/\/www.europesays.com\/fr\/wp-json\/wp\/v2\/posts\/512415\/revisions"}],"wp:featuredmedia":[{"embeddable":true,"href":"https:\/\/www.europesays.com\/fr\/wp-json\/wp\/v2\/media\/512416"}],"wp:attachment":[{"href":"https:\/\/www.europesays.com\/fr\/wp-json\/wp\/v2\/media?parent=512415"}],"wp:term":[{"taxonomy":"category","embeddable":true,"href":"https:\/\/www.europesays.com\/fr\/wp-json\/wp\/v2\/categories?post=512415"},{"taxonomy":"post_tag","embeddable":true,"href":"https:\/\/www.europesays.com\/fr\/wp-json\/wp\/v2\/tags?post=512415"}],"curies":[{"name":"wp","href":"https:\/\/api.w.org\/{rel}","templated":true}]}}