{"id":512417,"date":"2025-11-05T01:22:00","date_gmt":"2025-11-05T01:22:00","guid":{"rendered":"https:\/\/www.europesays.com\/fr\/512417\/"},"modified":"2025-11-05T01:22:00","modified_gmt":"2025-11-05T01:22:00","slug":"dix-neuf-personnes-sont-restees-coincees-pres-de-deux-heures-dans-le-telepherique-de-toulon-2","status":"publish","type":"post","link":"https:\/\/www.europesays.com\/fr\/512417\/","title":{"rendered":"Dix-neuf personnes sont rest\u00e9es coinc\u00e9es pr\u00e8s de deux heures dans le t\u00e9l\u00e9ph\u00e9rique de Toulon"},"content":{"rendered":"<p>Suspendues dans le vide. Dix-neuf personnes se trouvaient \u00e0 bord du t\u00e9l\u00e9ph\u00e9rique de Toulon (Var), mardi 28\u00a0octobre 2025 en d\u00e9but de soir\u00e9e, lorsqu\u2019une panne a immobilis\u00e9 les deux cabines du dispositif, ont indiqu\u00e9 les pompiers du d\u00e9partement. Ceux-ci ont mis en place une op\u00e9ration de secours qui a mobilis\u00e9 quatorze soldats du feu, rapporte  <a href=\"https:\/\/www.francebleu.fr\/infos\/societe\/deux-telecabines-du-telepherique-toulonnais-tombent-en-panne-19-personnes-sont-coincees-4811056\" target=\"_blank\" rel=\"noopener\">ici Provence<\/a> .<\/p>\n<p>Une ambulance, des sp\u00e9cialistes des interventions dangereuses, des fonctionnaires de la police nationale et des employ\u00e9s du t\u00e9l\u00e9ph\u00e9rique sont \u00e9galement intervenus. Les secouristes ont proc\u00e9d\u00e9 \u00e0 l\u2019\u00e9vacuation des passagers bloqu\u00e9s. L\u2019op\u00e9ration a dur\u00e9 pr\u00e8s de deux heures et aucun bless\u00e9 n\u2019a \u00e9t\u00e9 \u00e0 d\u00e9plorer, indique  <a href=\"https:\/\/www.lefigaro.fr\/marseille\/toulon-19-personnes-coincees-pres-de-deux-heures-dans-un-telepherique-en-panne-20251029\" target=\"_blank\" rel=\"noopener\">Le Figaro<\/a> .\u00a0<\/p>\n<p>Une fermeture mercredi 29\u00a0octobre 2025<\/p>\n<p>Les pompiers ont d\u00e9clar\u00e9 que les \u00e9vacuations <strong>\u00ab\u00a0s\u2019\u00e9taient bien pass\u00e9es\u00a0\u00bb.<\/strong> Le t\u00e9l\u00e9ph\u00e9rique, qui relie Toulon au mont Faron, est rest\u00e9 ferm\u00e9 le lendemain de la panne afin que des interventions techniques puissent y avoir lieu, d\u00e9taille  <a href=\"https:\/\/www.20minutes.fr\/faits_divers\/4182283-20251029-toulon-telepherique-tombe-panne-19-personnes-coincees-interieur\" target=\"_blank\" rel=\"noopener\">20\u00a0Minutes<\/a> . Parmi les personnes qui se trouvaient dans les cabines figurent plusieurs enfants, dont un b\u00e9b\u00e9.<\/p>\n<p>\u00a0<\/p>\n","protected":false},"excerpt":{"rendered":"Suspendues dans le vide. Dix-neuf personnes se trouvaient \u00e0 bord du t\u00e9l\u00e9ph\u00e9rique de Toulon (Var), mardi 28\u00a0octobre 2025&hellip;\n","protected":false},"author":2,"featured_media":507815,"comment_status":"","ping_status":"","sticky":false,"template":"","format":"standard","meta":{"footnotes":""},"categories":[9619],"tags":[1111,11,41033,57474,1777,674,1011,27,6203,9958,12,3744,3762,882,25,62956,20940,2310],"class_list":{"0":"post-512417","1":"post","2":"type-post","3":"status-publish","4":"format-standard","5":"has-post-thumbnail","7":"category-toulon","8":"tag-actu","9":"tag-actualites","10":"tag-coincees","11":"tag-dix-neuf","12":"tag-eu","13":"tag-europe","14":"tag-fr","15":"tag-france","16":"tag-heures","17":"tag-hyeres","18":"tag-news","19":"tag-personnes","20":"tag-pres","21":"tag-provence-alpes-cote-dazur","22":"tag-republique-francaise","23":"tag-restees","24":"tag-telepherique","25":"tag-toulon"},"share_on_mastodon":{"url":"https:\/\/pubeurope.com\/@fr\/115494475746813473","error":""},"_links":{"self":[{"href":"https:\/\/www.europesays.com\/fr\/wp-json\/wp\/v2\/posts\/512417","targetHints":{"allow":["GET"]}}],"collection":[{"href":"https:\/\/www.europesays.com\/fr\/wp-json\/wp\/v2\/posts"}],"about":[{"href":"https:\/\/www.europesays.com\/fr\/wp-json\/wp\/v2\/types\/post"}],"author":[{"embeddable":true,"href":"https:\/\/www.europesays.com\/fr\/wp-json\/wp\/v2\/users\/2"}],"replies":[{"embeddable":true,"href":"https:\/\/www.europesays.com\/fr\/wp-json\/wp\/v2\/comments?post=512417"}],"version-history":[{"count":0,"href":"https:\/\/www.europesays.com\/fr\/wp-json\/wp\/v2\/posts\/512417\/revisions"}],"wp:featuredmedia":[{"embeddable":true,"href":"https:\/\/www.europesays.com\/fr\/wp-json\/wp\/v2\/media\/507815"}],"wp:attachment":[{"href":"https:\/\/www.europesays.com\/fr\/wp-json\/wp\/v2\/media?parent=512417"}],"wp:term":[{"taxonomy":"category","embeddable":true,"href":"https:\/\/www.europesays.com\/fr\/wp-json\/wp\/v2\/categories?post=512417"},{"taxonomy":"post_tag","embeddable":true,"href":"https:\/\/www.europesays.com\/fr\/wp-json\/wp\/v2\/tags?post=512417"}],"curies":[{"name":"wp","href":"https:\/\/api.w.org\/{rel}","templated":true}]}}