{"id":512425,"date":"2025-11-05T01:28:34","date_gmt":"2025-11-05T01:28:34","guid":{"rendered":"https:\/\/www.europesays.com\/fr\/512425\/"},"modified":"2025-11-05T01:28:34","modified_gmt":"2025-11-05T01:28:34","slug":"affaire-shein-les-galeries-lafayette-de-grenoble-vont-perdre-leur-nom","status":"publish","type":"post","link":"https:\/\/www.europesays.com\/fr\/512425\/","title":{"rendered":"Affaire Shein. Les Galeries Lafayette de Grenoble vont perdre leur nom"},"content":{"rendered":"<p>C\u2019est un symbole, mais un symbole fort. L\u2019historique magasin des Galeries Lafayette de Grenoble va \u00eatre d\u00e9baptis\u00e9 dans les prochains jours. Les Galeries Lafayette et le groupe SGM se sont en effet mis d\u2019accord pour mettre fin aux contrats d\u2019affiliation qui les liaient depuis 2021 pour les sept magasins d\u00e9tenus et exploit\u00e9s sous enseigne Galeries Lafayette par le groupe SGM. Ces magasins sont situ\u00e9s \u00e0 Angers, Dijon, Le\u00a0Mans, Limoges, Orl\u00e9ans, Reims et \u00e0 Grenoble.<\/p>\n<p>Cette d\u00e9cision r\u00e9sulte du constat d\u2019une divergence strat\u00e9gique dans le cadre de leur collaboration, li\u00e9e bien s\u00fbr \u00e0 l\u2019arriv\u00e9e de gros corners de la marque d\u2019ultrafast-fashion Shein dans les murs\u2026 <a href=\"https:\/\/www.ledauphine.com\/economie\/2025\/10\/28\/isere-grenoble-la-boutique-shein-prend-forme-aux-galeries-lafayette-et-prendra-beaucoup-de-place\" target=\"_blank\" rel=\"noopener\">Les travaux grenoblois sont d\u2019ailleurs en cours pour une ouverture \u00e0 la mi-novembre.<\/a><\/p>\n<p>  Rebaptis\u00e9es BHV ?<\/p>\n<p>Cette d\u00e9cision entra\u00eene le retrait de l\u2019enseigne Galeries Lafayette et permettra au groupe SGM d\u2019exploiter ces magasins sous une nouvelle identit\u00e9, qui sera d\u00e9voil\u00e9e prochainement. Le journal <a href=\"https:\/\/www.lefigaro.fr\/societes\/angers-dijon-grenoble-reims-les-sept-galeries-lafayette-geres-par-frederic-merlin-vont-etre-rebaptises-bhv-20251104\" target=\"_blank\" rel=\"noopener\">\u00ab\u00a0Le Figaro\u00a0\u00bb a annonc\u00e9 que le nom pourrait \u00eatre celui du BHV<\/a>, mais contact\u00e9e par le Dauphin\u00e9 Lib\u00e9r\u00e9, la direction de SGM n\u2019a pas voulu nous confirmer cette annonce.<\/p>\n<p>Le communiqu\u00e9 commun aux Galeries et \u00e0 SGM pr\u00e9cise\u00a0: \u00ab\u00a0les deux parties poursuivent leurs \u00e9changes dans un esprit constructif et mettent tout en \u0153uvre afin d\u2019assurer une transition ordonn\u00e9e et respectueuse des \u00e9quipes et des clients.\u00a0\u00bb Et on nous a pr\u00e9cis\u00e9 que cela ne changerait rien pour les salari\u00e9s.<\/p>\n","protected":false},"excerpt":{"rendered":"C\u2019est un symbole, mais un symbole fort. L\u2019historique magasin des Galeries Lafayette de Grenoble va \u00eatre d\u00e9baptis\u00e9 dans&hellip;\n","protected":false},"author":2,"featured_media":512426,"comment_status":"","ping_status":"","sticky":false,"template":"","format":"standard","meta":{"footnotes":""},"categories":[9566],"tags":[1111,11,2430,4406,130,33,112,1777,674,107,1011,27,329,2731,2732,108,12,25],"class_list":{"0":"post-512425","1":"post","2":"type-post","3":"status-publish","4":"format-standard","5":"has-post-thumbnail","7":"category-grenoble","8":"tag-actu","9":"tag-actualites","10":"tag-auvergne-rhone-alpes","11":"tag-commerce-et-services","12":"tag-consommation","13":"tag-economie","14":"tag-edition-grenoble-agglomeration","15":"tag-eu","16":"tag-europe","17":"tag-fil-info","18":"tag-fr","19":"tag-france","20":"tag-france-monde","21":"tag-grenoble","22":"tag-grenoble-bassin","23":"tag-isere","24":"tag-news","25":"tag-republique-francaise"},"share_on_mastodon":{"url":"https:\/\/pubeurope.com\/@fr\/115494499358469301","error":""},"_links":{"self":[{"href":"https:\/\/www.europesays.com\/fr\/wp-json\/wp\/v2\/posts\/512425","targetHints":{"allow":["GET"]}}],"collection":[{"href":"https:\/\/www.europesays.com\/fr\/wp-json\/wp\/v2\/posts"}],"about":[{"href":"https:\/\/www.europesays.com\/fr\/wp-json\/wp\/v2\/types\/post"}],"author":[{"embeddable":true,"href":"https:\/\/www.europesays.com\/fr\/wp-json\/wp\/v2\/users\/2"}],"replies":[{"embeddable":true,"href":"https:\/\/www.europesays.com\/fr\/wp-json\/wp\/v2\/comments?post=512425"}],"version-history":[{"count":0,"href":"https:\/\/www.europesays.com\/fr\/wp-json\/wp\/v2\/posts\/512425\/revisions"}],"wp:featuredmedia":[{"embeddable":true,"href":"https:\/\/www.europesays.com\/fr\/wp-json\/wp\/v2\/media\/512426"}],"wp:attachment":[{"href":"https:\/\/www.europesays.com\/fr\/wp-json\/wp\/v2\/media?parent=512425"}],"wp:term":[{"taxonomy":"category","embeddable":true,"href":"https:\/\/www.europesays.com\/fr\/wp-json\/wp\/v2\/categories?post=512425"},{"taxonomy":"post_tag","embeddable":true,"href":"https:\/\/www.europesays.com\/fr\/wp-json\/wp\/v2\/tags?post=512425"}],"curies":[{"name":"wp","href":"https:\/\/api.w.org\/{rel}","templated":true}]}}