{"id":512443,"date":"2025-11-05T01:37:30","date_gmt":"2025-11-05T01:37:30","guid":{"rendered":"https:\/\/www.europesays.com\/fr\/512443\/"},"modified":"2025-11-05T01:37:30","modified_gmt":"2025-11-05T01:37:30","slug":"quinte-faites-le-papier-du-quinte-du-mercredi-5-novembre-a-nantes-12e-etape-du-grand-national-du-trot","status":"publish","type":"post","link":"https:\/\/www.europesays.com\/fr\/512443\/","title":{"rendered":"Quint\u00e9+: Faites le papier du Quint\u00e9+ du mercredi 5 novembre \u00e0 Nantes (12e \u00e9tape du Grand National du Trot)"},"content":{"rendered":"<p><strong>Les partants du Quint\u00e9+ de ce mercredi 5 novembre.<\/strong><strong style=\"float: left;margin-left: 2%;\">GRAND NATIONAL DU TROT<\/strong><strong style=\"float: right;margin-right: 2%;\">MERCREDI 05 NOVEMBRE<\/strong><br \/>NANTES &#8211; 3000 METRES &#8211; \u00a0<img decoding=\"async\" alt=\"picto_attele\" class=\"img2\" src=\"https:\/\/static.equidia.fr\/equidia\/discipline\/attele.svg\"\/>D\u00c9PART : 13H55<strong>Le ticket\u00a0<\/strong><\/p>\n<p dir=\"ltr\" id=\"docs-internal-guid-e5d32fcb-7fff-840e-b01e-a01c59632e4a\" style=\"text-align: justify;\"><strong>11 &#8211; Indy de Jyr<\/strong> : D\u00e9j\u00e0 vainqueur de quatre \u00e9tapes cette ann\u00e9e, le maillot jaune de ce \u00ab\u00a0Tour de France des trotteurs\u00a0\u00bb a l\u2019occasion de renouer avec la victoire, apr\u00e8s sa deuxi\u00e8me place \u00e0 Feurs. Le partenaire de <strong>Benjamin Rochard <\/strong>devrait se plaire sur cette piste de Nantes. Son entourage n\u2019a pas cach\u00e9 sa confiance. Le cheval \u00e0 battre.<\/p>\n<p dir=\"ltr\" style=\"text-align: justify;\"><strong>6 &#8211; Kamehameha<\/strong> : <a href=\"https:\/\/www.equidia.fr\/courses\/2025-09-13\/R1\/C6\" target=\"_blank\" rel=\"noopener\">Le repr\u00e9sentant d\u2019<strong>Antoine Lh\u00e9r\u00e9t\u00e9<\/strong> s\u2019est class\u00e9 cinqui\u00e8me du Crit\u00e9rium des 5 ans<\/a>, mi-septembre \u00e0 Vincennes, avant de terminer sixi\u00e8me du Prix Pierre Van Troyen (Gr. 3), le 24 octobre. Engag\u00e9 au premier poteau de d\u00e9part, il retrouve <strong>\u00c9ric Raffin<\/strong>, driver avec lequel il s\u2019\u00e9tait class\u00e9 troisi\u00e8me du Prix du Louvre (Gr. 3) \u00e0 Enghien. Il a sa place sur le podium.<\/p>\n<p dir=\"ltr\" style=\"text-align: justify;\"><strong>12 &#8211; Greco Bello<\/strong> : Apr\u00e8s deux tentatives infructueuses sur la piste en herbe de Craon, l\u2019atout de <strong>Jean-Paul Marmion<\/strong> a les moyens de redorer son blason en Loire-Atlantique, o\u00f9 il s\u2019est impos\u00e9 en janvier 2021. Quatri\u00e8me du Grand Prix Angers Loire M\u00e9tropole d\u00e9but avril (Gr. 3), le doyen de l\u2019\u00e9preuve (9 ans) retrouve <strong>Antoine Wiels<\/strong> ce mercredi et peut terminer dans les trois premiers, \u00e0 l\u2019issue d\u2019une bonne course<\/p>\n<p dir=\"ltr\" style=\"text-align: justify;\"><strong>14 &#8211; Hidalgo des No\u00e9s<\/strong> : Le pensionnaire de l\u2019\u00e9curie Danover s\u2019est impos\u00e9 dans le Grand Prix de Gelsenkirchen, mais n\u2019a pu confirmer ce succ\u00e8s dans la Finale du Tour Europ\u00e9en du Trotteur Fran\u00e7ais \u00e0 Mons (disqualifi\u00e9). Deuxi\u00e8me de la pr\u00e9c\u00e9dente \u00e9dition, il devrait avoir son mot \u00e0 dire avec <strong>Matthieu Abrivard<\/strong>.\u00a0<\/p>\n<p dir=\"ltr\" style=\"text-align: justify;\"><strong>4 &#8211; Hold Up du Digeon<\/strong> : Sixi\u00e8me de la 10e \u00e9tape du GNT \u00e0 Lisieux, le pensionnaire de <strong>Thierry Raffegeau<\/strong> avait termin\u00e9 \u00e0 son rythme c\u00f4t\u00e9 corde. Il aura l\u2019avantage de s\u2019\u00e9lancer au premier \u00e9chelon. Pieds nus et confi\u00e9 \u00e0 <strong>Franck Nivard <\/strong>comme en dernier lieu, le hongre de 8 ans peut prendre un accessit.\u00a0<\/p>\n<p dir=\"ltr\" style=\"text-align: justify;\"><strong>5 &#8211; Hamonet de Choisel<\/strong> : Cinqui\u00e8me lors de sa rentr\u00e9e, le 19 octobre \u00e0 Alen\u00e7on, il a d\u00e9j\u00e0 prouv\u00e9 sa comp\u00e9titivit\u00e9 sur les longues distances. Son mentor, <strong>Sylvain Dupont<\/strong>,\u00a0a d\u00e9cid\u00e9 de le d\u00e9ferrer pour cet \u00e9v\u00e9nement. En cas de d\u00e9faillance des favoris, le partenaire d\u2019<strong>Anthony Barrier <\/strong>peut pimenter les rapports du Quint\u00e9+.<\/p>\n<p><img decoding=\"async\" src=\"https:\/\/www.europesays.com\/fr\/wp-content\/uploads\/2025\/11\/tcjer-1-png\"\/><strong>\u00a0<\/strong><strong>L&rsquo;analyse vid\u00e9o<\/strong>\u00a0<\/p>\n<p>\u00a0<\/p><\/p>\n","protected":false},"excerpt":{"rendered":"Les partants du Quint\u00e9+ de ce mercredi 5 novembre.GRAND NATIONAL DU TROTMERCREDI 05 NOVEMBRENANTES &#8211; 3000 METRES &#8211;&hellip;\n","protected":false},"author":2,"featured_media":512444,"comment_status":"","ping_status":"","sticky":false,"template":"","format":"standard","meta":{"footnotes":""},"categories":[2818],"tags":[1111,11,7635,1777,674,63326,1011,27,766,12,2636,7638,1821,25,7637],"class_list":{"0":"post-512443","1":"post","2":"type-post","3":"status-publish","4":"format-standard","5":"has-post-thumbnail","7":"category-nantes","8":"tag-actu","9":"tag-actualites","10":"tag-attele","11":"tag-eu","12":"tag-europe","13":"tag-faites-le-papier","14":"tag-fr","15":"tag-france","16":"tag-nantes","17":"tag-news","18":"tag-pays-de-la-loire","19":"tag-pour-preparer-vos-paris","20":"tag-pronostics","21":"tag-republique-francaise","22":"tag-trot"},"share_on_mastodon":{"url":"https:\/\/pubeurope.com\/@fr\/115494535917756205","error":""},"_links":{"self":[{"href":"https:\/\/www.europesays.com\/fr\/wp-json\/wp\/v2\/posts\/512443","targetHints":{"allow":["GET"]}}],"collection":[{"href":"https:\/\/www.europesays.com\/fr\/wp-json\/wp\/v2\/posts"}],"about":[{"href":"https:\/\/www.europesays.com\/fr\/wp-json\/wp\/v2\/types\/post"}],"author":[{"embeddable":true,"href":"https:\/\/www.europesays.com\/fr\/wp-json\/wp\/v2\/users\/2"}],"replies":[{"embeddable":true,"href":"https:\/\/www.europesays.com\/fr\/wp-json\/wp\/v2\/comments?post=512443"}],"version-history":[{"count":0,"href":"https:\/\/www.europesays.com\/fr\/wp-json\/wp\/v2\/posts\/512443\/revisions"}],"wp:featuredmedia":[{"embeddable":true,"href":"https:\/\/www.europesays.com\/fr\/wp-json\/wp\/v2\/media\/512444"}],"wp:attachment":[{"href":"https:\/\/www.europesays.com\/fr\/wp-json\/wp\/v2\/media?parent=512443"}],"wp:term":[{"taxonomy":"category","embeddable":true,"href":"https:\/\/www.europesays.com\/fr\/wp-json\/wp\/v2\/categories?post=512443"},{"taxonomy":"post_tag","embeddable":true,"href":"https:\/\/www.europesays.com\/fr\/wp-json\/wp\/v2\/tags?post=512443"}],"curies":[{"name":"wp","href":"https:\/\/api.w.org\/{rel}","templated":true}]}}