{"id":512449,"date":"2025-11-05T01:41:22","date_gmt":"2025-11-05T01:41:22","guid":{"rendered":"https:\/\/www.europesays.com\/fr\/512449\/"},"modified":"2025-11-05T01:41:22","modified_gmt":"2025-11-05T01:41:22","slug":"8-km-de-bouchons-cumules-sur-la-rocade-ouest-de-toulouse-ce-mardi","status":"publish","type":"post","link":"https:\/\/www.europesays.com\/fr\/512449\/","title":{"rendered":"8 km de bouchons cumul\u00e9s sur la rocade Ouest de Toulouse, ce mardi"},"content":{"rendered":"<p><strong>Les automobilistes engag\u00e9s sur la rocade Ouest sont confront\u00e9s \u00e0 plus de huit kilom\u00e8tres de bouchons cumul\u00e9s, ce mardi 4 novembre en fin de journ\u00e9e. Suivez l\u2019\u00e9volution des conditions de circulation dans l\u2019agglom\u00e9ration.<\/strong> <\/p>\n<p><img fetchpriority=\"high\" decoding=\"async\" width=\"1200\" height=\"675\" src=\"https:\/\/www.europesays.com\/fr\/wp-content\/uploads\/2025\/11\/circulation-1.jpg\" alt=\"Le Journal Toulousain surveille la circulation dans l'agglom\u00e9ration de Toulouse.\"  \/><\/p>\n<p>\u00a9 Madrabothair \/ Depositphotos<\/p>\n<p>19h20 : circulation fluide sur la rocade, bouchons persistants sur l\u2019A624 <\/p>\n<p>Le trafic est d\u00e9sormais fluide sur l\u2019ensemble du p\u00e9riph\u00e9rique toulousain.<\/p>\n<p>Des bouchons persistent sur l\u2019A624 en direction de Toulouse, avec plusieurs kilom\u00e8tres de ralentissements.<\/p>\n<p>18h25 : am\u00e9lioration du trafic sur la rocade Ouest<\/p>\n<p>Les ralentissements diminuent sur l\u2019A620, p\u00e9riph\u00e9rique ext\u00e9rieur, avec un bouchon de trois kilom\u00e8tres entre l\u2019hippodrome et la bifurcation avec l\u2019A64.<\/p>\n<p>18h10 : aggravation du trafic dans le Sud de Toulouse <\/p>\n<p>Un bouchon de cinq kilom\u00e8tres ralentit fortement la circulation sur le p\u00e9riph\u00e9rique int\u00e9rieur, entre les secteurs de Montaudran et de l\u2019\u00eele du Ramier.<\/p>\n<p>17h50 : circulation charg\u00e9e sur l\u2019A61 <\/p>\n<p> La circulation est tr\u00e8s ralentie sur l\u2019A61, dans le sens ext\u00e9rieur. Les difficult\u00e9s s\u2019\u00e9tendent sur sept kilom\u00e8tres et demi, du Palays jusqu\u2019\u00e0 Soupetard.<\/p>\n<p>17h40 : \u00e7a bouchonne sur l\u2019A64 \u00e0 la sortie de la ville <\/p>\n<p>La circulation est ralentie sur deux kilom\u00e8tres sur l\u2019A64, en direction de Bayonne. Les difficult\u00e9s commencent d\u00e8s la sortie du p\u00e9riph\u00e9rique.<\/p>\n<p>17h35 : bouchon sur l\u2019A621 entre Blagnac et Toulouse <\/p>\n<p>Un ralentissement de trois kilom\u00e8tres et demi perturbe le trafic sur l\u2019A621, en direction de Toulouse, entre l\u2019a\u00e9roport de Blagnac et le p\u00e9riph\u00e9rique.<\/p>\n<p>17h30 : difficult\u00e9s habituelles entre Toulouse et Colomiers <\/p>\n<p>Le trafic est ralenti sur pr\u00e8s de quatre kilom\u00e8tres sur l\u2019A624, en direction de Colomiers. Et les difficult\u00e9s commencent d\u00e8s l\u2019entr\u00e9e sur l\u2019autoroute. Des bouchons s\u2019\u00e9tendent \u00e9galement sur plus de deux kilom\u00e8tres sur la N124.<\/p>\n<p>Dans l\u2019autre sens, vers Toulouse, un bouchon de pr\u00e8s de trois kilom\u00e8tres perturbe la circulation, de la rocade Arc-en-ciel jusqu\u2019au p\u00e9riph\u00e9rique.<\/p>\n<p>17h25 : des embouteillages dans le Sud de Toulouse <\/p>\n<p>Un ralentissement de plus de quatre kilom\u00e8tres perturbe le trafic sur l\u2019A620, sens int\u00e9rieur, dans le Sud de la Ville rose, entre les secteurs de Montaudran et de l\u2019\u00eele du Ramier.<\/p>\n<p>17h20 : des bouchons sur la rocade Ouest de Toulouse <\/p>\n<p>Un bouchon de quatre kilom\u00e8tres ralentit le trafic sur l\u2019A620, p\u00e9riph\u00e9rique int\u00e9rieur, de la bifurcation avec l\u2019A624 jusqu\u2019aux Minimes. Des ralentissements sont ensuite constat\u00e9s jusqu\u2019\u00e0 Ginestous.<\/p>\n<p>Dans le sens ext\u00e9rieur, les embouteillages s\u2019\u00e9tendent sur plus de cinq kilom\u00e8tres de la bifurcation avec l\u2019A624 jusqu\u2019\u00e0 celle avec l\u2019A64.<\/p>\n<p>17h15 : l\u2019\u00e9tat de la circulation dans la r\u00e9gion toulousaine<\/p>\n<p><img loading=\"lazy\" decoding=\"async\" width=\"1200\" height=\"675\" src=\"https:\/\/www.europesays.com\/fr\/wp-content\/uploads\/2025\/11\/carte.png\" alt=\"Suivez les \u00e9volutions de la circulation \u00e0 Toulouse avec le JT.\"  \/><\/p>\n<p>Le trafic dans l\u2019agglom\u00e9ration de Toulouse ce mardi 4 novembre \u00e0 17h15. \u00a9 2025 Google<\/p>\n","protected":false},"excerpt":{"rendered":"Les automobilistes engag\u00e9s sur la rocade Ouest sont confront\u00e9s \u00e0 plus de huit kilom\u00e8tres de bouchons cumul\u00e9s, ce&hellip;\n","protected":false},"author":2,"featured_media":512450,"comment_status":"","ping_status":"","sticky":false,"template":"","format":"standard","meta":{"footnotes":""},"categories":[2816],"tags":[1111,11,58634,63327,1777,674,1011,27,12,2680,25,2312],"class_list":{"0":"post-512449","1":"post","2":"type-post","3":"status-publish","4":"format-standard","5":"has-post-thumbnail","7":"category-toulouse","8":"tag-actu","9":"tag-actualites","10":"tag-ce-mardi","11":"tag-circulation-8-km-de-bouchons-cumulu00e9s-sur-la-rocade-ouest-de-toulouse","12":"tag-eu","13":"tag-europe","14":"tag-fr","15":"tag-france","16":"tag-news","17":"tag-occitanie","18":"tag-republique-francaise","19":"tag-toulouse"},"share_on_mastodon":{"url":"https:\/\/pubeurope.com\/@fr\/115494551120796787","error":""},"_links":{"self":[{"href":"https:\/\/www.europesays.com\/fr\/wp-json\/wp\/v2\/posts\/512449","targetHints":{"allow":["GET"]}}],"collection":[{"href":"https:\/\/www.europesays.com\/fr\/wp-json\/wp\/v2\/posts"}],"about":[{"href":"https:\/\/www.europesays.com\/fr\/wp-json\/wp\/v2\/types\/post"}],"author":[{"embeddable":true,"href":"https:\/\/www.europesays.com\/fr\/wp-json\/wp\/v2\/users\/2"}],"replies":[{"embeddable":true,"href":"https:\/\/www.europesays.com\/fr\/wp-json\/wp\/v2\/comments?post=512449"}],"version-history":[{"count":0,"href":"https:\/\/www.europesays.com\/fr\/wp-json\/wp\/v2\/posts\/512449\/revisions"}],"wp:featuredmedia":[{"embeddable":true,"href":"https:\/\/www.europesays.com\/fr\/wp-json\/wp\/v2\/media\/512450"}],"wp:attachment":[{"href":"https:\/\/www.europesays.com\/fr\/wp-json\/wp\/v2\/media?parent=512449"}],"wp:term":[{"taxonomy":"category","embeddable":true,"href":"https:\/\/www.europesays.com\/fr\/wp-json\/wp\/v2\/categories?post=512449"},{"taxonomy":"post_tag","embeddable":true,"href":"https:\/\/www.europesays.com\/fr\/wp-json\/wp\/v2\/tags?post=512449"}],"curies":[{"name":"wp","href":"https:\/\/api.w.org\/{rel}","templated":true}]}}