{"id":51245,"date":"2025-04-25T07:54:09","date_gmt":"2025-04-25T07:54:09","guid":{"rendered":"https:\/\/www.europesays.com\/fr\/51245\/"},"modified":"2025-04-25T07:54:09","modified_gmt":"2025-04-25T07:54:09","slug":"ol-rennes-et-ol","status":"publish","type":"post","link":"https:\/\/www.europesays.com\/fr\/51245\/","title":{"rendered":"OL &#8211; Rennes et OL"},"content":{"rendered":"<p>                            <img width=\"770\" height=\"433\" src=\"https:\/\/www.europesays.com\/fr\/wp-content\/uploads\/2025\/04\/AFP__20241110__36LZ3RW__v1__HighRes__FblFraLigue1LyonSaintEtienne-770x433.jpg\" class=\"attachment-article size-article wp-post-image\" alt=\"Le Parc OL \u00e0 l'occasion du derby contre l'ASSE\" decoding=\"async\" fetchpriority=\"high\"  \/><\/p>\n<p>Le Parc OL \u00e0 l\u2019occasion du derby contre l\u2019ASSE (Photo by OLIVIER CHASSIGNOLE \/ AFP)<\/p>\n<p>Entre la Ligue 1 et la Ligue des champions, le Parc OL va vivre un week-end loin de tout repos. Avec OL &#8211; Rennes (samedi 21h05) et OL &#8211; Arsenal (dimanche 18h), l\u2019enjeu sera au rendez-vous \u00e0 D\u00e9cines.<\/p>\n<p>Le fait est assez rare pour \u00eatre soulign\u00e9. Il y a bien longtemps que les deux \u00e9quipes professionnelles de l\u2019OL n\u2019avaient pas jou\u00e9 en m\u00eame temps \u00e0 D\u00e9cines. Parfois, les joueuses de Joe <strong>Montemurro<\/strong> jouent au GOLTC en marge des gar\u00e7ons, mais cela est rare. Alors voir l\u2019OL masculin et l\u2019OL f\u00e9minin jouer dans le Grand Stade le m\u00eame week-end rel\u00e8ve du miracle et d\u2019une sacr\u00e9e organisation. En moins de vingt-quatre heures, deux matchs se tiendront sur la pelouse d\u00e9cinoise avec autant d\u2019enjeux dans l\u2019une et l\u2019autre des rencontres.<\/p>\n<p>Les co\u00e9quipiers d\u2019Alexandre <strong>Lacazette<\/strong> ouvriront le bal le samedi avec la r\u00e9ception de <strong>Rennes<\/strong> pour le compte de la 31e journ\u00e9e de Ligue 1. Le coup d\u2019envoi donn\u00e9 \u00e0 21h05 doit permettre aux Lyonnais de se remettre la t\u00eate \u00e0 l\u2019endroit apr\u00e8s les d\u00e9sillusions contre <strong>Manchester United<\/strong> et <strong>Saint-Etienne<\/strong>. <a href=\"https:\/\/www.olympique-et-lyonnais.com\/ligue-1-lol-doit-desormais-viser-le-sans-faute-dans-son-sprint-final,359804.html\" target=\"_blank\" rel=\"noopener\">La victoire est obligatoire<\/a> contre les Bretons pour continuer \u00e0 esp\u00e9rer de Ligue des champions. Tout autre r\u00e9sultat devrait certainement permettre de dire adieux \u00e0 cet objectif \u00e0 trois journ\u00e9es de la fin.<\/p>\n<p>Une affluence au rendez-vous ce week-end ?<\/p>\n<p>Une fois la fin du match siffl\u00e9, les \u00e9quipes du Parc OL vont s\u2019activer pour passer le stade en mode Ligue des champions. Le dimanche, \u00e0 18h, les Fenottes re\u00e7oivent en effet <strong>Arsenal<\/strong> pour la demi-finale retour de la comp\u00e9tition europ\u00e9enne. Apr\u00e8s la victoire<a href=\"https:\/\/www.olympique-et-lyonnais.com\/lol-prend-une-courte-option-apres-sa-victoire-a-arsenal-1-2,359530.html\" target=\"_blank\" rel=\"noopener\"> 2-1<\/a> \u00e0 Londres samedi dernier, l\u2019OL f\u00e9minin est en ballotage favorable pour aller chercher une deuxi\u00e8me finale de suite, tr\u00e8s probablement contre le <strong>FC Barcelone<\/strong>. Pour se sortir du pi\u00e8ge londonien, les co\u00e9quipi\u00e8res de Wendie <strong>Renard<\/strong> esp\u00e8rent avoir un soutien populaire apr\u00e8s avoir jou\u00e9 devant 40 000 spectateurs \u00e0 l\u2019aller \u00e0 l\u2019Emirates Stadium.<\/p>\n<p>\t\t\t\t\t<a href=\"https:\/\/www.olympique-et-lyonnais.com\/lol-et-le-stade-rennais-deux-clubs-qui-misent-sur-leurs-jeunes,359983.html\" title=\"L\u2019OL et le Stade Rennais, deux clubs qui misent sur leurs jeunes\" target=\"_blank\" rel=\"noopener\"><img loading=\"lazy\" width=\"580\" height=\"326\" src=\"https:\/\/www.europesays.com\/fr\/wp-content\/uploads\/2025\/04\/000_33CW7DA-580x326.jpg\" class=\"attachment-actularge size-actularge wp-post-image\" alt=\"Rayan Cherki face \u00e0 Warmed Omari lors d'OL - Rennes, dimanche 9 avril 2023\" decoding=\"async\"  \/>\t\t\t\t\t<\/a><\/p>\n","protected":false},"excerpt":{"rendered":"Le Parc OL \u00e0 l\u2019occasion du derby contre l\u2019ASSE (Photo by OLIVIER CHASSIGNOLE \/ AFP) Entre la Ligue&hellip;\n","protected":false},"author":2,"featured_media":51246,"comment_status":"","ping_status":"","sticky":false,"template":"","format":"standard","meta":{"footnotes":""},"categories":[2821],"tags":[1111,11,829,1777,674,1011,27,66,447,12,241,242,978,584,25],"class_list":{"0":"post-51245","1":"post","2":"type-post","3":"status-publish","4":"format-standard","5":"has-post-thumbnail","7":"category-rennes","8":"tag-actu","9":"tag-actualites","10":"tag-bretagne","11":"tag-eu","12":"tag-europe","13":"tag-fr","14":"tag-france","15":"tag-ligue-1","16":"tag-ligue-des-champions","17":"tag-news","18":"tag-ol","19":"tag-ol-feminin","20":"tag-olympique-lyonnais","21":"tag-rennes","22":"tag-republique-francaise"},"share_on_mastodon":{"url":"https:\/\/pubeurope.com\/@fr\/114397529306265538","error":""},"_links":{"self":[{"href":"https:\/\/www.europesays.com\/fr\/wp-json\/wp\/v2\/posts\/51245","targetHints":{"allow":["GET"]}}],"collection":[{"href":"https:\/\/www.europesays.com\/fr\/wp-json\/wp\/v2\/posts"}],"about":[{"href":"https:\/\/www.europesays.com\/fr\/wp-json\/wp\/v2\/types\/post"}],"author":[{"embeddable":true,"href":"https:\/\/www.europesays.com\/fr\/wp-json\/wp\/v2\/users\/2"}],"replies":[{"embeddable":true,"href":"https:\/\/www.europesays.com\/fr\/wp-json\/wp\/v2\/comments?post=51245"}],"version-history":[{"count":0,"href":"https:\/\/www.europesays.com\/fr\/wp-json\/wp\/v2\/posts\/51245\/revisions"}],"wp:featuredmedia":[{"embeddable":true,"href":"https:\/\/www.europesays.com\/fr\/wp-json\/wp\/v2\/media\/51246"}],"wp:attachment":[{"href":"https:\/\/www.europesays.com\/fr\/wp-json\/wp\/v2\/media?parent=51245"}],"wp:term":[{"taxonomy":"category","embeddable":true,"href":"https:\/\/www.europesays.com\/fr\/wp-json\/wp\/v2\/categories?post=51245"},{"taxonomy":"post_tag","embeddable":true,"href":"https:\/\/www.europesays.com\/fr\/wp-json\/wp\/v2\/tags?post=51245"}],"curies":[{"name":"wp","href":"https:\/\/api.w.org\/{rel}","templated":true}]}}