{"id":512455,"date":"2025-11-05T01:45:14","date_gmt":"2025-11-05T01:45:14","guid":{"rendered":"https:\/\/www.europesays.com\/fr\/512455\/"},"modified":"2025-11-05T01:45:14","modified_gmt":"2025-11-05T01:45:14","slug":"le-plus-grand-forum-de-recrutement-pour-ingenieurs-du-sud-de-la-france","status":"publish","type":"post","link":"https:\/\/www.europesays.com\/fr\/512455\/","title":{"rendered":"le plus grand forum de recrutement pour ing\u00e9nieurs du sud de la France"},"content":{"rendered":"<p>\u00ab\u00a0Depuis 18\u00a0ans, notre mission est de cr\u00e9er un lien concret entre les futurs ing\u00e9nieurs et le monde professionnel\u00a0\u00bb, souligne Adrien Collignon, pr\u00e9sident de l\u2019association Foceen. En ce mardi 4\u00a0novembre matin, le Palais des congr\u00e8s de Marseille bruisse d\u2019\u00e9changes et de poign\u00e9es de main\u00a0: le Forum centrale m\u00e9diterran\u00e9e entreprises (Foceen) ouvre ses portes pour sa 18e \u00e9dition.<\/p>\n<p>Organis\u00e9 par les \u00e9l\u00e8ves ing\u00e9nieurs de l\u2019\u00e9cole Centrale M\u00e9diterran\u00e9e, il s\u2019impose comme le plus grand forum de recrutement ing\u00e9nieur du sud-est de la France. Cette ann\u00e9e, 130 entreprises sont pr\u00e9sentes pour rencontrer plus de 2\u00a0800 \u00e9tudiants venus de toute la r\u00e9gion.<\/p>\n<p>Les entreprises et les partenaires, comme <a href=\"https:\/\/www.laprovence.com\/article\/societe\/1020765217581914\/vertiges-perte-de-controle-vinci-autoroutes-alerte-sur-les-dangers-du-protoxyde-au-volant-au-meme-titre-que-l-alcool\" target=\"_blank\" rel=\"noopener\">Vinci <\/a>ou <a href=\"https:\/\/www.laprovence.com\/article\/economie\/3849987233158414\/le-groupe-adf-acquiert-dgh-grupo-pour-se-developper-a-linternational\" target=\"_blank\" rel=\"noopener\">le groupe ADF<\/a>, viennent rep\u00e9rer les talents de demain. \u00ab\u00a0Cela fait plusieurs ann\u00e9es que nous participons, explique Ashley Ibara Leckassy, charg\u00e9e de recrutement chez Deloitte. Nous cherchons avant tout \u00e0 conseiller les candidats et \u00e0 les int\u00e9grer dans nos processus de recrutement.\u00a0\u00bb M\u00eame enthousiasme du c\u00f4t\u00e9 de Vinci \u00c9nergies\u00a0: \u00ab\u00a0Notre partenariat avec Centrale M\u00e9diterran\u00e9e est ancien et solide, confie Alina Fenghea, responsable RH. Nous recrutons des stagiaires de fin d\u2019\u00e9tudes, souvent dans une optique de&#8230;<\/p>\n","protected":false},"excerpt":{"rendered":"\u00ab\u00a0Depuis 18\u00a0ans, notre mission est de cr\u00e9er un lien concret entre les futurs ing\u00e9nieurs et le monde professionnel\u00a0\u00bb,&hellip;\n","protected":false},"author":2,"featured_media":512456,"comment_status":"","ping_status":"","sticky":false,"template":"","format":"standard","meta":{"footnotes":""},"categories":[2814],"tags":[17,1111,11,1007,23137,12351,33,1777,674,63328,1011,27,55936,151,884,12,882,25],"class_list":{"0":"post-512455","1":"post","2":"type-post","3":"status-publish","4":"format-standard","5":"has-post-thumbnail","7":"category-marseille","8":"tag-17","9":"tag-actu","10":"tag-actualites","11":"tag-aux","12":"tag-connecte","13":"tag-demain","14":"tag-economie","15":"tag-eu","16":"tag-europe","17":"tag-foceen","18":"tag-fr","19":"tag-france","20":"tag-ingenieurs","21":"tag-les","22":"tag-marseille","23":"tag-news","24":"tag-provence-alpes-cote-dazur","25":"tag-republique-francaise"},"share_on_mastodon":{"url":"https:\/\/pubeurope.com\/@fr\/115494566227792762","error":""},"_links":{"self":[{"href":"https:\/\/www.europesays.com\/fr\/wp-json\/wp\/v2\/posts\/512455","targetHints":{"allow":["GET"]}}],"collection":[{"href":"https:\/\/www.europesays.com\/fr\/wp-json\/wp\/v2\/posts"}],"about":[{"href":"https:\/\/www.europesays.com\/fr\/wp-json\/wp\/v2\/types\/post"}],"author":[{"embeddable":true,"href":"https:\/\/www.europesays.com\/fr\/wp-json\/wp\/v2\/users\/2"}],"replies":[{"embeddable":true,"href":"https:\/\/www.europesays.com\/fr\/wp-json\/wp\/v2\/comments?post=512455"}],"version-history":[{"count":0,"href":"https:\/\/www.europesays.com\/fr\/wp-json\/wp\/v2\/posts\/512455\/revisions"}],"wp:featuredmedia":[{"embeddable":true,"href":"https:\/\/www.europesays.com\/fr\/wp-json\/wp\/v2\/media\/512456"}],"wp:attachment":[{"href":"https:\/\/www.europesays.com\/fr\/wp-json\/wp\/v2\/media?parent=512455"}],"wp:term":[{"taxonomy":"category","embeddable":true,"href":"https:\/\/www.europesays.com\/fr\/wp-json\/wp\/v2\/categories?post=512455"},{"taxonomy":"post_tag","embeddable":true,"href":"https:\/\/www.europesays.com\/fr\/wp-json\/wp\/v2\/tags?post=512455"}],"curies":[{"name":"wp","href":"https:\/\/api.w.org\/{rel}","templated":true}]}}