{"id":512457,"date":"2025-11-05T01:46:28","date_gmt":"2025-11-05T01:46:28","guid":{"rendered":"https:\/\/www.europesays.com\/fr\/512457\/"},"modified":"2025-11-05T01:46:28","modified_gmt":"2025-11-05T01:46:28","slug":"a-marseille-lex-policier-bruno-attal-juge-pour-injures-publiques-contre-sebastien-delogu-lfi","status":"publish","type":"post","link":"https:\/\/www.europesays.com\/fr\/512457\/","title":{"rendered":"\u00e0 Marseille, l&rsquo;ex-policier Bruno Attal jug\u00e9 pour \u00ab\u00a0injures publiques\u00a0\u00bb contre S\u00e9bastien Delogu (LFI)"},"content":{"rendered":"<p>\u00ab\u00a0Crasse incarn\u00e9e\u00a0\u00bb, \u00ab\u00a0racaille\u00a0\u00bb, \u00ab\u00a0islamiste\u00a0\u00bb, \u00ab\u00a0\u00e2ne\u00a0\u00bb\u00a0: \u00e9gren\u00e9s par la pr\u00e9sidente de la 13e chambre correctionnelle de Marseille, Ga\u00eblle Paris-Muller, la liste des qualificatifs imput\u00e9s sur X (ex-Twitter) \u00e0 S\u00e9bastien Delogu par Bruno Attal, ex-policier r\u00e9voqu\u00e9 <a href=\"https:\/\/www.laprovence.com\/article\/faits-divers-justice\/8268942894143214\/apres-une-plainte-deposee-par-lfi-lancien-syndicaliste-policier-bruno-attal-condamne-pour-injure-publique\" target=\"_blank\" rel=\"noopener\">\u00e0 la r\u00e9putation sulfureuse<\/a>, ancien candidat Reconqu\u00eate aux l\u00e9gislatives de\u00a02022, est \u00e9loquente. Pour ces nombreux messages parfois agr\u00e9ment\u00e9s de photos, Bruno Attal \u00e9tait jug\u00e9 ce mardi 4\u00a0novembre pour \u00ab\u00a0injures publiques\u00a0\u00bb par le d\u00e9put\u00e9 La France insoumise des quartiers Nord de Marseille.<\/p>\n<p>Chemise blanche sur pantalon noir, l\u2019ancien policier s\u2019est pr\u00e9sent\u00e9 seul \u00e0 l\u2019audience. \u00ab\u00a0J\u2019ai quatorze proc\u00e8s en cours contre LFI\u00a0\u00bb, s\u2019est-il enorgueilli. Bruno Attal a d\u2019abord mis en avant un \u00ab\u00a0contexte\u00a0\u00bb de \u00ab\u00a0cyberharc\u00e8lement\u00a0\u00bb dont il serait la cible de la part de la sph\u00e8re insoumise. Il d\u00e9plorait de recevoir \u00ab\u00a0entre 100 et 1\u00a0000 messages par jour qui disent que je suis un p\u00e9dophile\u00a0\u00bb. Il citait \u00e9galement plusieurs messages tendancieux de S\u00e9bastien Delogu \u00e0 son encontre, qu\u2019il n\u2019a toutefois pas attaqu\u00e9s.<\/p>\n<p>Depuis plusieurs ann\u00e9es, cet ancien conseiller de Marine Le Pen et \u00c9ric Zemmour m\u00e8ne une gu\u00e9rilla contre la gauche radicale, qui lui a d\u00e9j\u00e0 valu <a href=\"https:\/\/www.laprovence.com\/article\/faits-divers-justice\/8268942894143214\/apres-une-plainte-deposee-par-lfi-lancien-syndicaliste-policier-bruno-attal-condamne-pour-injure-publique\" target=\"_blank\" rel=\"noopener\">une con<\/a>&#8230;<\/p>\n","protected":false},"excerpt":{"rendered":"\u00ab\u00a0Crasse incarn\u00e9e\u00a0\u00bb, \u00ab\u00a0racaille\u00a0\u00bb, \u00ab\u00a0islamiste\u00a0\u00bb, \u00ab\u00a0\u00e2ne\u00a0\u00bb\u00a0: \u00e9gren\u00e9s par la pr\u00e9sidente de la 13e chambre correctionnelle de Marseille, Ga\u00eblle Paris-Muller,&hellip;\n","protected":false},"author":2,"featured_media":512458,"comment_status":"","ping_status":"","sticky":false,"template":"","format":"standard","meta":{"footnotes":""},"categories":[2814],"tags":[17,1111,11,63330,63332,3211,1777,674,1011,27,9342,63331,884,12,316,882,63329,25],"class_list":{"0":"post-512457","1":"post","2":"type-post","3":"status-publish","4":"format-standard","5":"has-post-thumbnail","7":"category-marseille","8":"tag-17","9":"tag-actu","10":"tag-actualites","11":"tag-ane","12":"tag-attal","13":"tag-bruno","14":"tag-eu","15":"tag-europe","16":"tag-fr","17":"tag-france","18":"tag-juge","19":"tag-lex-policier","20":"tag-marseille","21":"tag-news","22":"tag-politique","23":"tag-provence-alpes-cote-dazur","24":"tag-racaille","25":"tag-republique-francaise"},"share_on_mastodon":{"url":"https:\/\/pubeurope.com\/@fr\/115494570196618561","error":""},"_links":{"self":[{"href":"https:\/\/www.europesays.com\/fr\/wp-json\/wp\/v2\/posts\/512457","targetHints":{"allow":["GET"]}}],"collection":[{"href":"https:\/\/www.europesays.com\/fr\/wp-json\/wp\/v2\/posts"}],"about":[{"href":"https:\/\/www.europesays.com\/fr\/wp-json\/wp\/v2\/types\/post"}],"author":[{"embeddable":true,"href":"https:\/\/www.europesays.com\/fr\/wp-json\/wp\/v2\/users\/2"}],"replies":[{"embeddable":true,"href":"https:\/\/www.europesays.com\/fr\/wp-json\/wp\/v2\/comments?post=512457"}],"version-history":[{"count":0,"href":"https:\/\/www.europesays.com\/fr\/wp-json\/wp\/v2\/posts\/512457\/revisions"}],"wp:featuredmedia":[{"embeddable":true,"href":"https:\/\/www.europesays.com\/fr\/wp-json\/wp\/v2\/media\/512458"}],"wp:attachment":[{"href":"https:\/\/www.europesays.com\/fr\/wp-json\/wp\/v2\/media?parent=512457"}],"wp:term":[{"taxonomy":"category","embeddable":true,"href":"https:\/\/www.europesays.com\/fr\/wp-json\/wp\/v2\/categories?post=512457"},{"taxonomy":"post_tag","embeddable":true,"href":"https:\/\/www.europesays.com\/fr\/wp-json\/wp\/v2\/tags?post=512457"}],"curies":[{"name":"wp","href":"https:\/\/api.w.org\/{rel}","templated":true}]}}