{"id":512459,"date":"2025-11-05T01:47:26","date_gmt":"2025-11-05T01:47:26","guid":{"rendered":"https:\/\/www.europesays.com\/fr\/512459\/"},"modified":"2025-11-05T01:47:26","modified_gmt":"2025-11-05T01:47:26","slug":"personne-ne-repond-au-17-la-police-sexplique","status":"publish","type":"post","link":"https:\/\/www.europesays.com\/fr\/512459\/","title":{"rendered":"\u00ab\u00a0Personne ne r\u00e9pond au 17\u00a0\u00bb, la police s&rsquo;explique"},"content":{"rendered":"<p>            Par<br \/>\n        <strong><br \/>\n            <a href=\"https:\/\/actu.fr\/auteur\/julien-damboise\" title=\"Consulter tous les articles de Julien Damboise\" target=\"_blank\" rel=\"noopener\">Julien Damboise<\/a><br \/>\n        <\/strong><\/p>\n<p>        Publi\u00e9 le<\/p>\n<p>            4 nov. 2025 \u00e0 17h05        <\/p>\n<p>Le <a href=\"https:\/\/actu.fr\/auvergne-rhone-alpes\/lyon_69123\/lyon-braquage-a-l-explosif-attention-ils-ont-des-armes-de-guerre-ce-temoin-a-tout-filme_63373639.html\" target=\"_blank\" rel=\"noopener\">spectaculaire braquage \u00e0 l\u2019explosif<\/a> et \u00e0 l\u2019arme de guerre d\u2019une raffinerie d\u2019or \u00e0 <a href=\"https:\/\/actu.fr\/auvergne-rhone-alpes\/lyon_69123\" target=\"_blank\" rel=\"noopener\">Lyon<\/a>, jeudi 30 octobre, a provoqu\u00e9 <strong>de nombreuses r\u00e9actions<\/strong> sur les r\u00e9seaux sociaux. Dans des vid\u00e9os des faits captur\u00e9es par des t\u00e9moins, aucun op\u00e9rateur au 17 ne r\u00e9pond durant de longues minutes. Des <a href=\"https:\/\/actu.fr\/tag\/police\" target=\"_blank\" rel=\"noopener\">policiers<\/a> expliquent pourquoi.<\/p>\n<p>Des r\u00e9actions par centaines<\/p>\n<p class=\" wall-content\">Les internautes ont \u00e9t\u00e9 nombreux \u00e0 r\u00e9agir sous la vid\u00e9o du braquage, partag\u00e9e des milliers de fois. On entend le t\u00e9moin de la sc\u00e8ne patienter pendant qu\u2019il est en ligne avec les secours pour signaler que des braqueurs s\u2019en prennent \u00e0 la raffinerie d\u2019or du 7\u1d49 arrondissement.<\/p>\n<p class=\" wall-content\">Ce sont d\u2019abord les <a href=\"https:\/\/actu.fr\/tag\/pompiers\" target=\"_blank\" rel=\"noopener\">sapeurs-pompiers<\/a> qui d\u00e9crochent, puis un op\u00e9rateur indique qu\u2019il transmet l\u2019appel \u00e0 la police de Lyon. Mais les minutes passent et personne n\u2019a r\u00e9pondu \u00e0 ce coup de t\u00e9l\u00e9phone quand la vid\u00e9o se coupe, une fois que le<strong> commando surarm\u00e9 a pris la fuite<\/strong>.<\/p>\n<p class=\" wall-content\">Un temps d\u2019attente <strong>d\u00e9nonc\u00e9<\/strong> dans des centaines de commentaires sur nos r\u00e9seaux sociaux.<\/p>\n<p class=\" wall-content\">\n    <img   decoding=\"async\" loading=\"lazy\" src=\"https:\/\/www.europesays.com\/fr\/wp-content\/uploads\/2025\/11\/temps-de-reaction-braquage-lyon-960x640.png\" alt=\"Face \u00e0 ces critiques, des policiers s'expliquent.\" width=\"960\" height=\"640\"\/><br \/>\n    Face \u00e0 ces critiques, des policiers s\u2019expliquent. (\u00a9Capture d\u2019\u00e9cran Instagram actu Lyon)<br \/>\n    <img   decoding=\"async\" loading=\"lazy\" src=\"https:\/\/www.europesays.com\/fr\/wp-content\/uploads\/2025\/11\/temps-de-reaction-braquage-lyon-3-960x640.png\" alt=\"Ce sont des centaines de messages apr\u00e8s la publication de la vid\u00e9o du braquage \u00e0 l'explosif \u00e0 Lyon.\" width=\"960\" height=\"640\"\/><br \/>\n    Ce sont des centaines de messages apr\u00e8s la publication de la vid\u00e9o du braquage \u00e0 l\u2019explosif \u00e0 Lyon. (\u00a9Capture d\u2019\u00e9cran Instagram actu Lyon)<br \/>\n    <img   decoding=\"async\" loading=\"lazy\" src=\"https:\/\/www.europesays.com\/fr\/wp-content\/uploads\/2025\/11\/temps-de-reaction-braquage-lyon-2-960x640.png\" alt=\"Des commentaires \u00e9voquent le long d\u00e9lai de la police pour r\u00e9pondre au t\u00e9l\u00e9phone lors du braquage \u00e0 l'explosif \u00e0 Lyon.\" width=\"960\" height=\"640\"\/><br \/>\n    Des commentaires \u00e9voquent le long d\u00e9lai de la police pour r\u00e9pondre au t\u00e9l\u00e9phone lors du braquage \u00e0 l\u2019explosif \u00e0 Lyon. (\u00a9Capture d\u2019\u00e9cran Instagram actu Lyon)<\/p>\n<p class=\" wall-content\">Contact\u00e9s, des policiers et autres sources s\u00e9curitaires apportent des \u00e9l\u00e9ments de r\u00e9ponse.<\/p>\n<p>L\u2019explosion entendue au 17<\/p>\n<p class=\" wall-content\">L\u2019appel, qui a sonn\u00e9 un moment dans le vide, a donc atterri au sein du Centre d\u2019information et de Commandement (CIC) de l\u2019H\u00f4tel de Police de Marius Berliet, dans le 8\u1d49. C\u2019est ici que tous les appels au 17 de la zone police sont trait\u00e9s comme nous l\u2019expliquions dans un pr\u00e9c\u00e9dant <a href=\"https:\/\/actu.fr\/auvergne-rhone-alpes\/lyon_69123\/fete-des-lumieres-lyon-drones-neutralises-controles-cameras-le-coeur-du-reacteur-policier_61971082.html\" target=\"_blank\" rel=\"noopener\">article en immersion<\/a> dans ce service qui d\u00e9croche environ <strong>1 100 coups de fil chaque jour<\/strong>.<\/p>\n<p class=\" wall-content\">Mais si ce t\u00e9moin voulait pr\u00e9venir de l\u2019attaque en cours, la police lyonnaise \u00e9tait <strong>d\u00e9j\u00e0 au courant<\/strong> depuis quelques instants.<\/p>\n<p>Votre r\u00e9gion, votre actu !<\/p>\n<p>Recevez chaque jour les infos qui comptent pour vous.<\/p>\n<p>\t<a href=\"https:\/\/actu.fr\/newsletter\" class=\"ac-btn ac-btn--corner ac-btn--medium ac-btn--blue800\" target=\"_blank\" rel=\"noopener\">S&rsquo;incrire<\/a><\/p>\n<blockquote class=\"ac-article-quote wall-content\">\n<p>Nous avons la certitude du braquage et la pr\u00e9cision du lieu lorsque l&rsquo;entreprise appelle pour indiquer qu&rsquo;elle est braqu\u00e9e.\u00a0<\/p>\n<p>    <strong>Nelson Bouard<\/strong><br \/>\n        Directeur de la police nationale du Rh\u00f4ne    <\/p><\/blockquote>\n<p class=\" wall-content\">Selon nos informations exclusives, une <strong>puissante d\u00e9tonation a \u00e9t\u00e9 entendue<\/strong> par le policier au bout du fil quand les braqueurs ont fait sauter leurs explosifs.<\/p>\n<p>    <img   decoding=\"async\" loading=\"lazy\" src=\"https:\/\/www.europesays.com\/fr\/wp-content\/uploads\/2025\/11\/laboratoire-or-braquage-lyon-960x640.jpeg\" alt=\"La police sur les lieux du braquage \u00e0 l'explosif dans le 7e arrondissement de Lyon.\" width=\"960\" height=\"640\"\/><br \/>\n    La police sur les lieux du braquage \u00e0 l\u2019explosif dans le 7e arrondissement de Lyon. (\u00a9Julien Damboise\/actu Lyon)G\u00e9olocalisation et surcharge<\/p>\n<p class=\" wall-content\">D\u2019autant que les appels \u00e9tant g\u00e9olocalis\u00e9s, les services de la direction interd\u00e9partementale de la police nationale (DIPN) du Rh\u00f4ne ont pu savoir que les appels qui affluaient en m\u00eame temps <strong>provenaient bien du m\u00eame secteur<\/strong>.\u00a0<\/p>\n<p class=\" wall-content\">Toutefois, une source s\u00e9curitaire <strong>reconnait une surcharge<\/strong> des lignes pendant l\u2019attaque face au nombre de requ\u00e9rants, puisque les faits se sont d\u00e9roul\u00e9s dans une zone d\u2019activit\u00e9 tr\u00e8s fr\u00e9quent\u00e9e. Comme le t\u00e9moin dont la vid\u00e9o a fait le tour des r\u00e9seaux, de nombreux autres salari\u00e9s avaient une vue directe sur le commando.<\/p>\n<p class=\" wall-content\">Alors que le vid\u00e9aste amateur tentait de joindre les forces de l\u2019ordre, une unit\u00e9 sp\u00e9cialis\u00e9e \u00e9tait pr\u00e9venue : la brigade de recherche et d\u2019intervention (BRI).<\/p>\n<p>Trop de temps \u00e0 intervenir ?<\/p>\n<p class=\" wall-content\">L\u2019unit\u00e9 d\u2019\u00e9lite de la police pistait ces individus bien en amont des faits, depuis d\u00e9but septembre, \u00e0 la suite de l\u2019ouverture d\u2019une enqu\u00eate pr\u00e9liminaire pour des faits d\u2019associations de malfaiteurs en bande organis\u00e9e.\u00a0<\/p>\n<p class=\" wall-content\">\u00ab\u00a0Nos services ont eu des \u00e9l\u00e9ments laissant entendre qu\u2019ils allaient pr\u00e9parer un braquage. La cible n\u2019\u00e9tait pas connue, mais nous avions <strong>identifi\u00e9 des lieux de repli<\/strong>. Lorsque nous avons \u00e9t\u00e9 appel\u00e9s, il a \u00e9t\u00e9 d\u00e9cid\u00e9 de s\u2019y rendre et d\u2019organiser la s\u00e9quence d\u2019interpellation en dehors des lieux du braquage\u00a0\u00bb, explique Nelson Bouard.<\/p>\n<p class=\" wall-content\">Le directeur de la police du d\u00e9partement pr\u00e9cise qu\u2019une intervention sur place n\u2019aurait pas \u00e9t\u00e9 \u00ab\u00a0judicieuse\u00a0\u00bb : \u00ab\u00a0On ne voulait pas prendre de risque pour les salari\u00e9s, les tiers ou pour nos policiers. On ne voulait pas <strong>risquer une prise d\u2019otage<\/strong>.\u00a0\u00bb<\/p>\n<p class=\" wall-content\">Pour rappel, les malfaiteurs \u00e9taient lourdement arm\u00e9s pour d\u00e9rober plus de <strong>306 kilos de mati\u00e8res pr\u00e9cieuses<\/strong> compos\u00e9es \u00e0 90 % d\u2019or, soit un butin estim\u00e9 \u00e0 <strong>28 millions d\u2019euros<\/strong>.<\/p>\n<p class=\" wall-content\">Trois Kalachnikovs, un fusil d\u2019assaut, quatre pistolets automatiques charg\u00e9s, des explosifs et des cartouches ont \u00e9t\u00e9 saisis lors de perquisitions dans la foul\u00e9e des six arrestations dans ce dossier.<\/p>\n<p class=\" wall-content\">Personnalisez votre actualit\u00e9 en ajoutant vos villes et m\u00e9dias en favori avec <a href=\"https:\/\/moncompte.actu.fr\" title=\"D\u00e9couvez Mon Actu\" rel=\"nofollow noopener\" data-trk=\"{&quot;cta&quot;:{&quot;action&quot;:&quot;https:\\\/\\\/moncompte.actu.fr&quot;,&quot;category&quot;:&quot;mon compte&quot;,&quot;from&quot;:&quot;article footer&quot;,&quot;name&quot;:&quot;Mon actu&quot;,&quot;type&quot;:&quot;cta&quot;}}\" target=\"_blank\">Mon Actu<\/a>.<\/p>\n","protected":false},"excerpt":{"rendered":"Par Julien Damboise Publi\u00e9 le 4 nov. 2025 \u00e0 17h05 Le spectaculaire braquage \u00e0 l\u2019explosif et \u00e0 l\u2019arme&hellip;\n","protected":false},"author":2,"featured_media":512460,"comment_status":"","ping_status":"","sticky":false,"template":"","format":"standard","meta":{"footnotes":""},"categories":[1889],"tags":[1111,11,2430,1777,674,1011,27,2825,2428,12,1072,25,104],"class_list":{"0":"post-512459","1":"post","2":"type-post","3":"status-publish","4":"format-standard","5":"has-post-thumbnail","7":"category-lyon","8":"tag-actu","9":"tag-actualites","10":"tag-auvergne-rhone-alpes","11":"tag-eu","12":"tag-europe","13":"tag-fr","14":"tag-france","15":"tag-insecurite","16":"tag-lyon","17":"tag-news","18":"tag-police","19":"tag-republique-francaise","20":"tag-societe"},"share_on_mastodon":{"url":"https:\/\/pubeurope.com\/@fr\/115494574765757309","error":""},"_links":{"self":[{"href":"https:\/\/www.europesays.com\/fr\/wp-json\/wp\/v2\/posts\/512459","targetHints":{"allow":["GET"]}}],"collection":[{"href":"https:\/\/www.europesays.com\/fr\/wp-json\/wp\/v2\/posts"}],"about":[{"href":"https:\/\/www.europesays.com\/fr\/wp-json\/wp\/v2\/types\/post"}],"author":[{"embeddable":true,"href":"https:\/\/www.europesays.com\/fr\/wp-json\/wp\/v2\/users\/2"}],"replies":[{"embeddable":true,"href":"https:\/\/www.europesays.com\/fr\/wp-json\/wp\/v2\/comments?post=512459"}],"version-history":[{"count":0,"href":"https:\/\/www.europesays.com\/fr\/wp-json\/wp\/v2\/posts\/512459\/revisions"}],"wp:featuredmedia":[{"embeddable":true,"href":"https:\/\/www.europesays.com\/fr\/wp-json\/wp\/v2\/media\/512460"}],"wp:attachment":[{"href":"https:\/\/www.europesays.com\/fr\/wp-json\/wp\/v2\/media?parent=512459"}],"wp:term":[{"taxonomy":"category","embeddable":true,"href":"https:\/\/www.europesays.com\/fr\/wp-json\/wp\/v2\/categories?post=512459"},{"taxonomy":"post_tag","embeddable":true,"href":"https:\/\/www.europesays.com\/fr\/wp-json\/wp\/v2\/tags?post=512459"}],"curies":[{"name":"wp","href":"https:\/\/api.w.org\/{rel}","templated":true}]}}