{"id":512471,"date":"2025-11-05T01:54:11","date_gmt":"2025-11-05T01:54:11","guid":{"rendered":"https:\/\/www.europesays.com\/fr\/512471\/"},"modified":"2025-11-05T01:54:11","modified_gmt":"2025-11-05T01:54:11","slug":"les-otages-francais-retenus-en-iran-cecile-kohler-et-jacques-paris-ont-ete-liberes","status":"publish","type":"post","link":"https:\/\/www.europesays.com\/fr\/512471\/","title":{"rendered":"Les otages fran\u00e7ais retenus en Iran, C\u00e9cile Kohler et Jacques Paris, ont \u00e9t\u00e9 lib\u00e9r\u00e9s"},"content":{"rendered":"\n<p><strong> <\/strong>Arr\u00eat\u00e9s \u00e0 T\u00e9h\u00e9ran le 7\u00a0mai 2022 au terme d\u2019un s\u00e9jour touristique, C\u00e9cile Kohler et Jacques Paris \u201csont en route pour l\u2019ambassade de France \u00e0 T\u00e9h\u00e9ran\u201d, a annonc\u00e9 mardi Emmanuel Macron sur X, \u00e9voquant une \u201cpremi\u00e8re \u00e9tape\u201d. Ils sont \u201cen s\u00e9curit\u00e9\u201d \u00e0 la r\u00e9sidence de l\u2019ambassadeur de France, \u00e0 T\u00e9h\u00e9ran \u201cdans l\u2019attente de leur lib\u00e9ration d\u00e9finitive\u201d, a ajout\u00e9 le ministre fran\u00e7ais des Affaires \u00e9trang\u00e8res, Jean-No\u00ebl Barrot. Ils \u201cvont bien, ils semblent en bonne sant\u00e9\u201d, a-t-il enfin pr\u00e9cis\u00e9.<\/p>\n<p><a class=\"ithalc\" data-ithal=\"lien_externe\" data-ithalc=\"[nav_article]\" target=\"_blank\" href=\"https:\/\/www.rtbf.be\/article\/cecile-kohler-et-jacques-paris-les-deux-francais-retenus-en-iran-depuis-mai-2022-sont-sortis-de-prison-11627009\" rel=\"noopener\">Dans un communiqu\u00e9 rapport\u00e9 par la <strong>RTBF<\/strong><\/a>, les avocats du couple ont salu\u00e9 un \u201cjour nouveau\u201d pour eux, \u201cmettant fin \u00e0 leur d\u00e9tention arbitraire qui a dur\u00e9 1\u00a0277 jours\u201d. Condamn\u00e9s mi-octobre \u00e0 respectivement 20 et 17\u00a0ans d\u2019emprisonnement, pour \u201cespionnage\u00a0au profit des renseignements fran\u00e7ais et isra\u00e9lien\u201d, C\u00e9cile Kohler et Jacques Paris, \u201cles deux derniers Fran\u00e7ais officiellement d\u00e9tenus en Iran\u201d ont toujours \u201cclam\u00e9 leur innocence\u201d, rappelle la radiot\u00e9l\u00e9vision belge.<\/p>\n<p><a class=\"ithalc\" data-ithal=\"lien_externe\" data-ithalc=\"[nav_article]\" target=\"_blank\" href=\"https:\/\/www.jpost.com\/international\/article-872750\" rel=\"noopener\">Selon le <strong>Jerusalem Post<\/strong><\/a>, \u201cles espoirs de lib\u00e9ration\u201d des deux Fran\u00e7ais s\u2019\u00e9taient \u201craviv\u00e9s\u201d au printemps, apr\u00e8s l\u2019arrestation en France de Mahdieh Esfandiari, une \u00e9tudiante iranienne \u00e0 Lyon, poursuivie pour des publications anti isra\u00e9liennes sur les r\u00e9seaux sociaux.<\/p>\n<p>Selon l\u2019agence iranienne Tasnim, cit\u00e9e par le quotidien isra\u00e9lien, un responsable du minist\u00e8re des Affaires \u00e9trang\u00e8res \u00e0 T\u00e9h\u00e9ran avait alors laiss\u00e9 entendre qu\u2019Esfandiari pourrait \u00eatre \u00e9chang\u00e9e contre des prisonniers fran\u00e7ais. Elle a finalement \u00e9t\u00e9 remise en libert\u00e9 sous conditions fin octobre, alimentant les sp\u00e9culations sur un possible accord.<\/p>\n<p>               \u201cSoulagement\u201d       <\/p>\n<p>Le visage de C\u00e9cile Kohler et Jacques Paris, apparu dans la presse quelques jours apr\u00e8s leur arrestation en 2022, avait \u00e9mu la France, <a class=\"ithalc\" data-ithal=\"lien_externe\" data-ithalc=\"[nav_article]\" target=\"_blank\" href=\"https:\/\/www.letemps.ch\/monde\/liberation-de-cecile-kohler-et-jacques-paris-le-cauchemar-d-un-couple-d-enseignants-qui-revait-d-iran\" rel=\"noopener\">se souvient le quotidien suisse <strong>Le Temps<\/strong><\/a>\u00a0: celui d\u2019une professeure de lettres alsacienne de 41\u00a0ans, \u201csouriante, cheveux ch\u00e2tain mi-longs\u201d, et celui de son compagnon, un retrait\u00e9 nantais de 72\u00a0ans, \u201cau regard p\u00e9tillant derri\u00e8re ses lunettes\u201d.<\/p>\n<p>Agr\u00e9g\u00e9e de lettres modernes, passionn\u00e9e de Proust et de Dosto\u00efevski, C\u00e9cile Kohler a enseign\u00e9 en lyc\u00e9e et milit\u00e9 au sein de Force ouvri\u00e8re, o\u00f9 elle \u00e9tait charg\u00e9e des relations internationales. \u201cUn argument utilis\u00e9 \u00e0 charge par les autorit\u00e9s iraniennes, qui les a accus\u00e9s d\u2019avoir rencontr\u00e9 des syndicalistes iraniens durant leur s\u00e9jour\u201d, pr\u00e9cise le journal suisse francophone. Quant \u00e0 Jacques Paris, ancien professeur de math\u00e9matiques et coureur de semi-marathon, il est d\u00e9crit par ses coll\u00e8gues et ses \u00e9l\u00e8ves, dans l\u2019article du Temps, comme un homme \u201ccultiv\u00e9\u201d et \u201cbienveillant\u201d.<\/p>\n<p>Tous deux avaient d\u2019abord \u00e9t\u00e9 incarc\u00e9r\u00e9s dans la \u201csinistre\u201d prison d\u2019Evin, avant d\u2019\u00eatre transf\u00e9r\u00e9s vers un lieu tenu secret en juin dernier, apr\u00e8s des frappes isra\u00e9liennes sur T\u00e9h\u00e9ran. \u201cLe dialogue se poursuit pour permettre leur retour en France le plus rapidement possible\u201d, a d\u00e9clar\u00e9 le pr\u00e9sident fran\u00e7ais, exprimant son \u201csoulagement\u201d.<\/p>\n","protected":false},"excerpt":{"rendered":"Arr\u00eat\u00e9s \u00e0 T\u00e9h\u00e9ran le 7\u00a0mai 2022 au terme d\u2019un s\u00e9jour touristique, C\u00e9cile Kohler et Jacques Paris \u201csont en&hellip;\n","protected":false},"author":2,"featured_media":512472,"comment_status":"","ping_status":"","sticky":false,"template":"","format":"standard","meta":{"footnotes":""},"categories":[1888],"tags":[11,1777,674,1011,27,1892,3019,3257,12,626,25,4409],"class_list":{"0":"post-512471","1":"post","2":"type-post","3":"status-publish","4":"format-standard","5":"has-post-thumbnail","7":"category-paris","8":"tag-actualites","9":"tag-eu","10":"tag-europe","11":"tag-fr","12":"tag-france","13":"tag-gu00e9opolitique","14":"tag-iran","15":"tag-moyen-orient","16":"tag-news","17":"tag-paris","18":"tag-republique-francaise","19":"tag-ru00e9veil"},"share_on_mastodon":{"url":"https:\/\/pubeurope.com\/@fr\/115494601697173387","error":""},"_links":{"self":[{"href":"https:\/\/www.europesays.com\/fr\/wp-json\/wp\/v2\/posts\/512471","targetHints":{"allow":["GET"]}}],"collection":[{"href":"https:\/\/www.europesays.com\/fr\/wp-json\/wp\/v2\/posts"}],"about":[{"href":"https:\/\/www.europesays.com\/fr\/wp-json\/wp\/v2\/types\/post"}],"author":[{"embeddable":true,"href":"https:\/\/www.europesays.com\/fr\/wp-json\/wp\/v2\/users\/2"}],"replies":[{"embeddable":true,"href":"https:\/\/www.europesays.com\/fr\/wp-json\/wp\/v2\/comments?post=512471"}],"version-history":[{"count":0,"href":"https:\/\/www.europesays.com\/fr\/wp-json\/wp\/v2\/posts\/512471\/revisions"}],"wp:featuredmedia":[{"embeddable":true,"href":"https:\/\/www.europesays.com\/fr\/wp-json\/wp\/v2\/media\/512472"}],"wp:attachment":[{"href":"https:\/\/www.europesays.com\/fr\/wp-json\/wp\/v2\/media?parent=512471"}],"wp:term":[{"taxonomy":"category","embeddable":true,"href":"https:\/\/www.europesays.com\/fr\/wp-json\/wp\/v2\/categories?post=512471"},{"taxonomy":"post_tag","embeddable":true,"href":"https:\/\/www.europesays.com\/fr\/wp-json\/wp\/v2\/tags?post=512471"}],"curies":[{"name":"wp","href":"https:\/\/api.w.org\/{rel}","templated":true}]}}